{"id":3089,"date":"2024-02-28T12:24:07","date_gmt":"2024-02-28T12:24:07","guid":{"rendered":"https:\/\/infogandia.es\/?p=3089"},"modified":"2024-02-28T12:24:07","modified_gmt":"2024-02-28T12:24:07","slug":"el-pp-de-gandia-agradece-la-rapida-actuacion-de-la-generalitat-para-abrir-y-desbloquear-el-centro-sanitario-rois-de-corella","status":"publish","type":"post","link":"https:\/\/infogandia.es\/index.php\/2024\/02\/28\/el-pp-de-gandia-agradece-la-rapida-actuacion-de-la-generalitat-para-abrir-y-desbloquear-el-centro-sanitario-rois-de-corella\/","title":{"rendered":"El PP de Gandia agradece la r\u00e1pida actuaci\u00f3n de la Generalitat para abrir y desbloquear el centro sanitario Ro\u00eds de Corella"},"content":{"rendered":"\n<p>El Partido Popular de Gandia ha mostrado su &#8221;enorme satisfacci\u00f3n&#8221; ante la inminente apertura del nuevo centro sanitario de Ro\u00eds de Corella tal y como han manifestado en un comunicado donse se\u00f1alan que \u00a0&#8221;seg\u00fan han anunciado hoy -por ayer- mismo desde la conselleria de Sanitat, el centro iniciar\u00e1 su actividad ma\u00f1ana jueves, 29 de febrero, con la ubicaci\u00f3n del Centro de Salud P\u00fablica y la Casa del Paciente en uno de los edificios de cuatro plantas&#8221;.<br>\u00a0<br>Para los populares gandienses &#8221;se cumple as\u00ed el compromiso adquirido por el Conseller de Sanitat, Marciano G\u00f3mez, quien afirm\u00f3 que durante este mes de febrero se abrir\u00edan las nuevas dependencias, tras unos meses complicados en los que se han tenido que resolver todos los problemas heredados del anterior gobierno&#8221;.<br>\u00a0<br>Tanto Barber como Vidal a\u00f1aden que &#8221;esta misma semana se proceder\u00e1 a retirar la vallas, con lo que se abrir\u00e1 el acceso a la denominada Plaza de la Salud para uso de los ciudadanos&#8221;.<br>\u00a0<br>El portavoz del PP en Gandia, Guillermo Barber Fuster ha insistido que &#8221;la apertura de este centro traer\u00e1 consigo una mejora importante en los servicios sanitarios de la ciudad, al tiempo que conllevar\u00e1 un importante impulso al comercio de un barrio, el de Ro\u00eds de Corella, que ha estado demasiado tiempo abandonado por el gobierno socialista. Sin duda va a ser un revulsivo para el barrio de \u00a0Ro\u00eds de Corella, \u00a0que va a ver c\u00f3mo este nuevo centro ser\u00e1 un importante motor econ\u00f3mico y social\u201d.<br>\u00a0<br>Por \u00faltimo, la concejala del distrito Mari Carmen Vidal A\u00f1\u00f3n ha afirmado que \u201cpor fin tenemos un gobierno auton\u00f3mico que apuesta por Gandia y se centra en cumplir las promesas y en trabajar por los valencianos y por los\u00a0gandienses\u201d.<\/p>\n","protected":false},"excerpt":{"rendered":"<p>El PP de Gandia agradece la r\u00e1pida actuaci\u00f3n de la Generalitat para abrir y desbloquear el centro sanitario Ro\u00eds de Corella.<\/p>\n","protected":false},"author":1,"featured_media":3079,"comment_status":"open","ping_status":"open","sticky":false,"template":"","format":"standard","meta":{"footnotes":""},"categories":[1,3],"tags":[128],"class_list":["post-3089","post","type-post","status-publish","format-standard","has-post-thumbnail","hentry","category-actualidad","category-politica","tag-el-pp-de-gandia-agradece-la-rapida-actuacion-de-la-generalitat-para-abrir-y-desbloquear-el-centro-sanitario-rois-de-corella"],"_links":{"self":[{"href":"https:\/\/infogandia.es\/index.php\/wp-json\/wp\/v2\/posts\/3089","targetHints":{"allow":["GET"]}}],"collection":[{"href":"https:\/\/infogandia.es\/index.php\/wp-json\/wp\/v2\/posts"}],"about":[{"href":"https:\/\/infogandia.es\/index.php\/wp-json\/wp\/v2\/types\/post"}],"author":[{"embeddable":true,"href":"https:\/\/infogandia.es\/index.php\/wp-json\/wp\/v2\/users\/1"}],"replies":[{"embeddable":true,"href":"https:\/\/infogandia.es\/index.php\/wp-json\/wp\/v2\/comments?post=3089"}],"version-history":[{"count":1,"href":"https:\/\/infogandia.es\/index.php\/wp-json\/wp\/v2\/posts\/3089\/revisions"}],"predecessor-version":[{"id":3090,"href":"https:\/\/infogandia.es\/index.php\/wp-json\/wp\/v2\/posts\/3089\/revisions\/3090"}],"wp:featuredmedia":[{"embeddable":true,"href":"https:\/\/infogandia.es\/index.php\/wp-json\/wp\/v2\/media\/3079"}],"wp:attachment":[{"href":"https:\/\/infogandia.es\/index.php\/wp-json\/wp\/v2\/media?parent=3089"}],"wp:term":[{"taxonomy":"category","embeddable":true,"href":"https:\/\/infogandia.es\/index.php\/wp-json\/wp\/v2\/categories?post=3089"},{"taxonomy":"post_tag","embeddable":true,"href":"https:\/\/infogandia.es\/index.php\/wp-json\/wp\/v2\/tags?post=3089"}],"curies":[{"name":"wp","href":"https:\/\/api.w.org\/{rel}","templated":true}]}}