{"id":3095,"date":"2024-02-28T12:26:03","date_gmt":"2024-02-28T12:26:03","guid":{"rendered":"https:\/\/infogandia.es\/?p=3095"},"modified":"2024-02-28T12:26:03","modified_gmt":"2024-02-28T12:26:03","slug":"las-charlas-populares-vuelven-este-jueves-con-pablo-broseta","status":"publish","type":"post","link":"https:\/\/infogandia.es\/index.php\/2024\/02\/28\/las-charlas-populares-vuelven-este-jueves-con-pablo-broseta\/","title":{"rendered":"Las \u00abCharlas Populares\u00bb vuelven este jueves con Pablo Broseta"},"content":{"rendered":"\n<p>El Partido Popular de Gandia celebra una nueva edici\u00f3n de las charlas populares con Pablo Broseta. Estos encuentros ponen en contacto a cargos p\u00fablicos con afiliados de la agrupaci\u00f3n local y vecinos de la ciudad.<\/p>\n\n\n\n<p>Broseta es el actual secretario auton\u00f3mica de Representaci\u00f3n ante la UE y las Comunidades Aut\u00f3nomas. El encuentro tendr\u00e1 lugar el pr\u00f3ximo jueves 29 de febrero a las 19:30 horas en la sede de los populares gandienses.<\/p>\n\n\n\n<p>V\u00edctor Soler, Presidente del Partido Popular de Gandia, ha afirmado que \u00abvamos a ir convocando este ciclo de charlas para acercar la administraci\u00f3n p\u00fablica a nuestros afiliados y&nbsp;simpatizantes\u00bb.<\/p>\n","protected":false},"excerpt":{"rendered":"<p>Las \u00abCharlas Populares\u00bb vuelven este jueves con Pablo Broseta.<\/p>\n","protected":false},"author":1,"featured_media":3081,"comment_status":"open","ping_status":"open","sticky":false,"template":"","format":"standard","meta":{"footnotes":""},"categories":[1,6,5],"tags":[],"class_list":["post-3095","post","type-post","status-publish","format-standard","has-post-thumbnail","hentry","category-actualidad","category-economia","category-educacion"],"_links":{"self":[{"href":"https:\/\/infogandia.es\/index.php\/wp-json\/wp\/v2\/posts\/3095","targetHints":{"allow":["GET"]}}],"collection":[{"href":"https:\/\/infogandia.es\/index.php\/wp-json\/wp\/v2\/posts"}],"about":[{"href":"https:\/\/infogandia.es\/index.php\/wp-json\/wp\/v2\/types\/post"}],"author":[{"embeddable":true,"href":"https:\/\/infogandia.es\/index.php\/wp-json\/wp\/v2\/users\/1"}],"replies":[{"embeddable":true,"href":"https:\/\/infogandia.es\/index.php\/wp-json\/wp\/v2\/comments?post=3095"}],"version-history":[{"count":1,"href":"https:\/\/infogandia.es\/index.php\/wp-json\/wp\/v2\/posts\/3095\/revisions"}],"predecessor-version":[{"id":3096,"href":"https:\/\/infogandia.es\/index.php\/wp-json\/wp\/v2\/posts\/3095\/revisions\/3096"}],"wp:featuredmedia":[{"embeddable":true,"href":"https:\/\/infogandia.es\/index.php\/wp-json\/wp\/v2\/media\/3081"}],"wp:attachment":[{"href":"https:\/\/infogandia.es\/index.php\/wp-json\/wp\/v2\/media?parent=3095"}],"wp:term":[{"taxonomy":"category","embeddable":true,"href":"https:\/\/infogandia.es\/index.php\/wp-json\/wp\/v2\/categories?post=3095"},{"taxonomy":"post_tag","embeddable":true,"href":"https:\/\/infogandia.es\/index.php\/wp-json\/wp\/v2\/tags?post=3095"}],"curies":[{"name":"wp","href":"https:\/\/api.w.org\/{rel}","templated":true}]}}