{"id":3133,"date":"2024-03-01T10:23:32","date_gmt":"2024-03-01T10:23:32","guid":{"rendered":"https:\/\/infogandia.es\/?p=3133"},"modified":"2024-03-01T10:23:33","modified_gmt":"2024-03-01T10:23:33","slug":"el-pp-exige-de-nuevo-llevar-la-concejalia-de-patrimonio-en-gandia","status":"publish","type":"post","link":"https:\/\/infogandia.es\/index.php\/2024\/03\/01\/el-pp-exige-de-nuevo-llevar-la-concejalia-de-patrimonio-en-gandia\/","title":{"rendered":"El PP exige de nuevo llevar la concejal\u00eda de Patrimonio en Gandia"},"content":{"rendered":"\n<p>Desde el PP de Gandia han se\u00f1alado que una de sus prioridades es &#8221;la preservaci\u00f3n y conservaci\u00f3n del patrimonio hist\u00f3rico-art\u00edstico de la ciudad de Gandia y ante la situaci\u00f3n de abandono y ruina de muchos de nuestros tesoros, no cabe otra alternativa que volver a denunciar la situaci\u00f3n y exigir encarecidamente que se inicien las obras de desescombro, limpieza, restauraci\u00f3n y mejora de todos ellos&#8221;.<\/p>\n\n\n\n<p>Es por ello que para la edila del PP en Gandia, Mar Beltr\u00e1n Alandete, \u201cnuestro patrimonio art\u00edstico gandiense est\u00e1 totalmente abandonado por la concejal encargada Alicia Izquierdo, quien solo se argumenta que, por la falta de recursos econ\u00f3micos, no se puede cuidar y mantener el patrimonio local\u201d a\u00f1adiendo que \u201cla capilla de la Asunci\u00f3n se adquiri\u00f3 en el a\u00f1o 2022 y que, gracias al eficaz gobierno de Carlos Maz\u00f3n, la capilla puede iniciar las obras de restauraci\u00f3n.\u201d<\/p>\n\n\n\n<p>Para los populares &#8221;lo alarmante no solo es que en esto dos a\u00f1os no hayan comenzado las obras de la Capilla de la Asunci\u00f3n, sino que la dejadez para este edifico es tal que ni siquiera han limpiado ni adecentado el edificio desde su adquisici\u00f3n y a\u00fan cuelga el cartel de \u201cSe Vende\u201d desde 2022. Lamentablemente su estado es de tal abandono que nadie dir\u00eda que es un bien de Relevancia Local en pleno centro hist\u00f3rico de Gandia&#8221;.<\/p>\n\n\n\n<p>Desde el Partido Popular muestran su preocupaci\u00f3n &#8221;ya que, para otras partidas presupuestarias como gastos de representaci\u00f3n, administraci\u00f3n y contrataciones, si existe una mayor dotaci\u00f3n econ\u00f3mica en el presupuesto, pero en cambio para patrimonio no hay ni un solo aumento econ\u00f3mico, por lo que se demuestra que no esta entre las prioridades del gobierno de Prieto&#8221;.<\/p>\n\n\n\n<p>Y a\u00f1aden desde las filas del PP que &#8221;lo m\u00e1s destacable en gesti\u00f3n de patrimonio en esta legislatura es el inicio de las obras de mejora de la torre campanario de la Colegiata, con la cofinanciaci\u00f3n de Generalitat Valenciana, Diputaci\u00f3n de Val\u00e8ncia y el Ayuntamiento de Gandia&#8221;.<\/p>\n\n\n\n<p>Beltr\u00e1n Alandete insiste que &#8221;se debe tener en cuenta que nuestro patrimonio local, cuenta con piezas tan singulares y excepcionales como los restos de los lienzos de la antigua muralla de Gand\u00eda, la techumbre de madera de la Torre de la Alqueria dels Pares (la parte m\u00e1s antigua y valiosa de la misma), la ermita de San Vicente (recientemente incendiada por acumulaci\u00f3n de basura y elementos de desecho en su interior debido a la dejadez del gobierno), la Alquerieta de Martorell, o algunas partes del Castillo de Bayr\u00e9n que se caen a trozos o cuentan con grafitis desde hace muchos a\u00f1os&#8221;.<\/p>\n\n\n\n<p>Por \u00faltimo, insiste la concejala del PP que \u201cSra. Izquierdo, le repito encarecidamente que si no sabe o no puede gestionar todas las competencias que se le han asignado, d\u00e9jenos la preservaci\u00f3n y conservaci\u00f3n del patrimonio hist\u00f3rico-art\u00edstico al Grupo municipal del Partido Popular\u201d, concluyendo, \u201cD\u00e9jenos que gestionemos con conocimiento, experiencia y eficacia el \u00e1rea de Patrimonio Cultural de nuestra ciudad, Se\u00f1ora Izquierdo. Gandia entera se lo agradecer\u00e1\u201d.<\/p>\n","protected":false},"excerpt":{"rendered":"<p>El PP exige de nuevo llevar la concejal\u00eda de Patrimonio en Gandia.<\/p>\n","protected":false},"author":1,"featured_media":3124,"comment_status":"open","ping_status":"open","sticky":false,"template":"","format":"standard","meta":{"footnotes":""},"categories":[1],"tags":[],"class_list":["post-3133","post","type-post","status-publish","format-standard","has-post-thumbnail","hentry","category-actualidad"],"_links":{"self":[{"href":"https:\/\/infogandia.es\/index.php\/wp-json\/wp\/v2\/posts\/3133","targetHints":{"allow":["GET"]}}],"collection":[{"href":"https:\/\/infogandia.es\/index.php\/wp-json\/wp\/v2\/posts"}],"about":[{"href":"https:\/\/infogandia.es\/index.php\/wp-json\/wp\/v2\/types\/post"}],"author":[{"embeddable":true,"href":"https:\/\/infogandia.es\/index.php\/wp-json\/wp\/v2\/users\/1"}],"replies":[{"embeddable":true,"href":"https:\/\/infogandia.es\/index.php\/wp-json\/wp\/v2\/comments?post=3133"}],"version-history":[{"count":1,"href":"https:\/\/infogandia.es\/index.php\/wp-json\/wp\/v2\/posts\/3133\/revisions"}],"predecessor-version":[{"id":3134,"href":"https:\/\/infogandia.es\/index.php\/wp-json\/wp\/v2\/posts\/3133\/revisions\/3134"}],"wp:featuredmedia":[{"embeddable":true,"href":"https:\/\/infogandia.es\/index.php\/wp-json\/wp\/v2\/media\/3124"}],"wp:attachment":[{"href":"https:\/\/infogandia.es\/index.php\/wp-json\/wp\/v2\/media?parent=3133"}],"wp:term":[{"taxonomy":"category","embeddable":true,"href":"https:\/\/infogandia.es\/index.php\/wp-json\/wp\/v2\/categories?post=3133"},{"taxonomy":"post_tag","embeddable":true,"href":"https:\/\/infogandia.es\/index.php\/wp-json\/wp\/v2\/tags?post=3133"}],"curies":[{"name":"wp","href":"https:\/\/api.w.org\/{rel}","templated":true}]}}