{"id":3139,"date":"2024-03-01T10:27:35","date_gmt":"2024-03-01T10:27:35","guid":{"rendered":"https:\/\/infogandia.es\/?p=3139"},"modified":"2024-03-01T10:27:38","modified_gmt":"2024-03-01T10:27:38","slug":"el-campus-de-gandia-acogio-un-encuentro-de-estudiantes-senior-de-alcoi-gandia-y-vera","status":"publish","type":"post","link":"https:\/\/infogandia.es\/index.php\/2024\/03\/01\/el-campus-de-gandia-acogio-un-encuentro-de-estudiantes-senior-de-alcoi-gandia-y-vera\/","title":{"rendered":"El Campus de Gandia acogi\u00f3 un encuentro de estudiantes senior de Alcoi, Gandia y Vera"},"content":{"rendered":"\n<p>M\u00e1s de un centenar de estudiantes s\u00e9nior han participado en el Intercampus que ha acogido el Campus de Gandia de la Universitat Polit\u00e8cnica de Val\u00e8ncia (UPV). \u201cCon motivo de la conmemoraci\u00f3n del 30 aniversario del campus, este curso acad\u00e9mico hemos realizado la jornada en Gandia\u201d, explic\u00f3 la vicerrectora de Arte, Ciencia, Tecnolog\u00eda y Sociedad de la UPV, Salom\u00e9 Cuesta.<\/p>\n\n\n\n<p>Este encuentro de \u201cconocimiento y convivencia\u201d ha reunido \u201cal alumnado de la S\u00e9nior de los tres campus de la UPV, de Alcoi, Gandia y Vera\u201d. El programa de la jornada cont\u00f3 con diversas actividades acad\u00e9micas y culturales. Entre las acciones desarrolladas: la visita guiada al Monasterio de Sant Jeroni de Cotalba, la comida de fraternidad o la representaci\u00f3n de la obra \u201cLos colores de la vida\u201d, a cargo del Aula de Teatro S\u00e9nior del Campus de Gandia.<\/p>\n\n\n\n<p>\u201cNuestro alumnado s\u00e9nior es muy agradecido y din\u00e1mico\u201d, asegur\u00f3 el coordinador del programa Universitat S\u00e8nior del Campus de Gandia, Bernardino Roig. Por ello, cada curso acad\u00e9mico tratamos de recoger \u201ctodas sus peticiones e inquietudes\u201d. Adem\u00e1s de las clases, \u201cse realizan conferencias, excursiones y actividades conjuntas entre los tres campus, como esta jornada intercampus, que dan mucha vida\u201d. Y es que, la socializaci\u00f3n es un elemento b\u00e1sico de la formaci\u00f3n y el estudiantado s\u00e9nior la valora especialmente.<\/p>\n\n\n\n<p>Seg\u00fan Roig, \u201cel campus se nutre de la experiencia y motivaci\u00f3n por el aprendizaje permanente del alumnado s\u00e9nior\u201d y este, a su vez, \u201cdinamiza con nuevos conocimientos\u201d. Por lo general, contenidos relacionados con la actualidad o que pueden ayudar a entenderla mejor, materias como Historia del Arte, Psicolog\u00eda, Cine\u2026 que son impartidas por el mismo.<\/p>\n\n\n\n<p>Cabe recordar que, en el a\u00f1o 1999 nacieron las Aulas Universitarias de la Experiencia, denominada posteriormente Universidad S\u00e9nior en la UPV. Esta apuesta formativa para mayores de 50 a\u00f1os (desde este curso acad\u00e9mico 2023\/2024) ha celebrado su 25 aniversario. Hasta la fecha, m\u00e1s de 33500 estudiantes han pasado por sus aulas en los tres campus de la UPV. \u201cEn la actualidad, contamos con m\u00e1s de 2000 alumnos y alumnas, lo que demuestra la acogida e inter\u00e9s de nuestro alumnado\u201d, record\u00f3 la vicerrectora de la UPV, Salom\u00e9 Cuesta.<\/p>\n\n\n\n<p>En el Campus de Gandia, el programa Universitat S\u00e8nior est\u00e1 en marcha desde el curso 2017\/2018. Con un car\u00e1cter divulgativo y cultural, se dirige como los cursos que se imparten en Alcoi y Vera, \u201cfundamentalmente a quienes no han tenido oportunidad de participar de la vida universitaria\u201d y sobre todo \u201ca quien quiera seguir aprendiendo y form\u00e1ndose en las diversas \u00e1reas del conocimiento, esta es la principal motivaci\u00f3n para ser estudiante del programa formativo s\u00e9nior\u201d.<\/p>\n\n\n\n<p>El programa depende del Vicerrectorado de Arte, Ciencia, Tecnolog\u00eda y Sociedad de la UPV y cuenta con la colaboraci\u00f3n de la Generalitat Valenciana, a trav\u00e9s de la Conselleria de Educaci\u00f3n, Universidades y Empleo.<\/p>\n","protected":false},"excerpt":{"rendered":"<p>M\u00e1s de un centenar de estudiantes s\u00e9nior han participado en el Intercampus que ha acogido el Campus de Gandia de la Universitat Polit\u00e8cnica de Val\u00e8ncia (UPV). \u201cCon motivo de la conmemoraci\u00f3n del 30 aniversario del campus, este curso acad\u00e9mico hemos realizado la jornada en Gandia\u201d, explic\u00f3 la vicerrectora de Arte, Ciencia, Tecnolog\u00eda y Sociedad de&#8230;<\/p>\n","protected":false},"author":1,"featured_media":3127,"comment_status":"open","ping_status":"open","sticky":false,"template":"","format":"standard","meta":{"footnotes":""},"categories":[1],"tags":[],"class_list":["post-3139","post","type-post","status-publish","format-standard","has-post-thumbnail","hentry","category-actualidad"],"_links":{"self":[{"href":"https:\/\/infogandia.es\/index.php\/wp-json\/wp\/v2\/posts\/3139","targetHints":{"allow":["GET"]}}],"collection":[{"href":"https:\/\/infogandia.es\/index.php\/wp-json\/wp\/v2\/posts"}],"about":[{"href":"https:\/\/infogandia.es\/index.php\/wp-json\/wp\/v2\/types\/post"}],"author":[{"embeddable":true,"href":"https:\/\/infogandia.es\/index.php\/wp-json\/wp\/v2\/users\/1"}],"replies":[{"embeddable":true,"href":"https:\/\/infogandia.es\/index.php\/wp-json\/wp\/v2\/comments?post=3139"}],"version-history":[{"count":1,"href":"https:\/\/infogandia.es\/index.php\/wp-json\/wp\/v2\/posts\/3139\/revisions"}],"predecessor-version":[{"id":3140,"href":"https:\/\/infogandia.es\/index.php\/wp-json\/wp\/v2\/posts\/3139\/revisions\/3140"}],"wp:featuredmedia":[{"embeddable":true,"href":"https:\/\/infogandia.es\/index.php\/wp-json\/wp\/v2\/media\/3127"}],"wp:attachment":[{"href":"https:\/\/infogandia.es\/index.php\/wp-json\/wp\/v2\/media?parent=3139"}],"wp:term":[{"taxonomy":"category","embeddable":true,"href":"https:\/\/infogandia.es\/index.php\/wp-json\/wp\/v2\/categories?post=3139"},{"taxonomy":"post_tag","embeddable":true,"href":"https:\/\/infogandia.es\/index.php\/wp-json\/wp\/v2\/tags?post=3139"}],"curies":[{"name":"wp","href":"https:\/\/api.w.org\/{rel}","templated":true}]}}