{"id":3141,"date":"2024-03-04T17:41:08","date_gmt":"2024-03-04T17:41:08","guid":{"rendered":"https:\/\/infogandia.es\/?p=3141"},"modified":"2024-03-04T17:41:08","modified_gmt":"2024-03-04T17:41:08","slug":"jose-manuel-prieto-gandia-no-seria-la-ciudad-abierta-moderna-e-igualitaria-que-es-sin-lo-que-son-y-lo-que-hacen-sus-mujeres","status":"publish","type":"post","link":"https:\/\/infogandia.es\/index.php\/2024\/03\/04\/jose-manuel-prieto-gandia-no-seria-la-ciudad-abierta-moderna-e-igualitaria-que-es-sin-lo-que-son-y-lo-que-hacen-sus-mujeres\/","title":{"rendered":"Jos\u00e9 Manuel Prieto: &#8220;Gandia no ser\u00eda la ciudad abierta, moderna e igualitaria que es sin lo que son y lo que hacen sus mujeres&#8221;"},"content":{"rendered":"\n<p>&#8220;Gandia no ser\u00eda la ciudad abierta, moderna e igualitaria que es sin lo que son y lo que hacen sus mujeres&#8221;. Con estas palabras mostraba el alcalde de Gandia, Jos\u00e9 Manuel Prieto, su agradecimiento a las mujeres durante el Homenaje de Gandia a las Mujeres 2024. Una iniciativa organizada por el departamento de Igualdad, y que cont\u00f3 con las actuaciones del Grup Cant , el Coro Carmesina y el Duo Farfalle.<\/p>\n\n\n\n<p>Este a\u00f1o, la ciudad otorg\u00f3 su reconocimiento a Mar\u00eda Jos\u00e9 Sim\u00f3 Mart\u00ed, Amparo Brotons Olcina, Mar\u00eda Garc\u00eda Alvarado, Monika Stefanova Ivanova, Andrea Medina Pi\u00f1a, Laura Romero Ortol\u00e1 y Aina Quilis Pellicer.<\/p>\n\n\n\n<p>El alcalde defini\u00f3 a las premiadas como &#8220;mujeres que han roto techos, prejuicios y estereotipos. Mujeres perseverantes, fuertes y emprendedoras que han abierto el camino a muchas otras&#8221; y afirm\u00f3 durante su intervenci\u00f3n que el papel de las premiadas es fundamental en un municipio en el que &#8220;no aceptamos las desigualdades, discriminaciones ni violencias que condicionan la vida de todas las mujeres&#8221;.<\/p>\n\n\n\n<p>&#8220;Las mujeres hab\u00e9is conseguido, despu\u00e9s de duros a\u00f1os de lucha, unos derechos incuestionables. Una igualdad que hoy en d\u00eda es legal, pero no real. La vida cotidiana nos dice que todav\u00eda queda mucho trabajo por hacer&#8221;, se\u00f1al\u00f3.<\/p>\n\n\n\n<p>En cuanto al papel del gobierno municipal, Prieto afirm\u00f3 que seguir\u00e1 trabajando sin descanso para acelerar la igualdad impulsando medidas encaminadas al empoderamiento y poniendo en valor a todas las mujeres que, desde un perfil an\u00f3nimo, dan la cara d\u00eda a d\u00eda &#8220;para mantener, afirmar y aumentar sus derechos&#8221;.<\/p>\n\n\n\n<p>Por \u00faltimo, la primera autoridad municipal alent\u00f3 a las mujeres reconocidas ya todos los presentes en el acto a &#8220;seguir adelante siendo como sois, confiando en vosotros mismas y siendo muy optimistas con el futuro, donde lo mejor tiene&nbsp;que&nbsp;venir&#8221;.<\/p>\n","protected":false},"excerpt":{"rendered":"<p>Jos\u00e9 Manuel Prieto: &#8220;Gandia no ser\u00eda la ciudad abierta, moderna e igualitaria que es sin lo que son y lo que hacen sus mujeres&#8221;<\/p>\n<p>&#8220;Gandia no ser\u00eda la ciudad abierta, moderna e igualitaria que es sin lo que son y lo que hacen sus mujeres&#8221;. Con estas palabras mostraba el alcalde de Gandia, Jos\u00e9 Manuel Prieto, su agradecimiento a las mujeres durante el Homenaje de Gandia a las Mujeres 2024. Una iniciativa organizada por el departamento de Igualdad, y que cont\u00f3 con las actuaciones del Grup Cant , el Coro Carmesina y el Duo Farfalle.<\/p>\n<p>Este a\u00f1o, la ciudad otorg\u00f3 su reconocimiento a Mar\u00eda Jos\u00e9 Sim\u00f3 Mart\u00ed, Amparo Brotons Olcina, Mar\u00eda Garc\u00eda Alvarado, Monika Stefanova Ivanova, Andrea Medina Pi\u00f1a, Laura Romero Ortol\u00e1 y Aina Quilis Pellicer.<\/p>\n<p>El alcalde defini\u00f3 a las premiadas como &#8220;mujeres que han roto techos, prejuicios y estereotipos. Mujeres perseverantes, fuertes y emprendedoras que han abierto el camino a muchas otras&#8221; y afirm\u00f3 durante su intervenci\u00f3n que el papel de las premiadas es fundamental en un municipio en el que &#8220;no aceptamos las desigualdades, discriminaciones ni violencias que condicionan la vida de todas las mujeres&#8221;.<\/p>\n<p>&#8220;Las mujeres hab\u00e9is conseguido, despu\u00e9s de duros a\u00f1os de lucha, unos derechos incuestionables. Una igualdad que hoy en d\u00eda es legal, pero no real. La vida cotidiana nos dice que todav\u00eda queda mucho trabajo por hacer&#8221;, se\u00f1al\u00f3.<\/p>\n<p>En cuanto al papel del gobierno municipal, Prieto afirm\u00f3 que seguir\u00e1 trabajando sin descanso para acelerar la igualdad impulsando medidas encaminadas al empoderamiento y poniendo en valor a todas las mujeres que, desde un perfil an\u00f3nimo, dan la cara d\u00eda a d\u00eda &#8220;para mantener, afirmar y aumentar sus derechos&#8221;.<\/p>\n<p>Por \u00faltimo, la primera autoridad municipal alent\u00f3 a las mujeres reconocidas ya todos los presentes en el acto a &#8220;seguir adelante siendo como sois, confiando en vosotros mismas y siendo muy optimistas con el futuro, donde lo mejor tiene\u00a0que\u00a0venir&#8221;.<\/p>\n","protected":false},"author":1,"featured_media":3142,"comment_status":"open","ping_status":"open","sticky":false,"template":"","format":"standard","meta":{"footnotes":""},"categories":[1,5,3],"tags":[],"class_list":["post-3141","post","type-post","status-publish","format-standard","has-post-thumbnail","hentry","category-actualidad","category-educacion","category-politica"],"_links":{"self":[{"href":"https:\/\/infogandia.es\/index.php\/wp-json\/wp\/v2\/posts\/3141","targetHints":{"allow":["GET"]}}],"collection":[{"href":"https:\/\/infogandia.es\/index.php\/wp-json\/wp\/v2\/posts"}],"about":[{"href":"https:\/\/infogandia.es\/index.php\/wp-json\/wp\/v2\/types\/post"}],"author":[{"embeddable":true,"href":"https:\/\/infogandia.es\/index.php\/wp-json\/wp\/v2\/users\/1"}],"replies":[{"embeddable":true,"href":"https:\/\/infogandia.es\/index.php\/wp-json\/wp\/v2\/comments?post=3141"}],"version-history":[{"count":1,"href":"https:\/\/infogandia.es\/index.php\/wp-json\/wp\/v2\/posts\/3141\/revisions"}],"predecessor-version":[{"id":3148,"href":"https:\/\/infogandia.es\/index.php\/wp-json\/wp\/v2\/posts\/3141\/revisions\/3148"}],"wp:featuredmedia":[{"embeddable":true,"href":"https:\/\/infogandia.es\/index.php\/wp-json\/wp\/v2\/media\/3142"}],"wp:attachment":[{"href":"https:\/\/infogandia.es\/index.php\/wp-json\/wp\/v2\/media?parent=3141"}],"wp:term":[{"taxonomy":"category","embeddable":true,"href":"https:\/\/infogandia.es\/index.php\/wp-json\/wp\/v2\/categories?post=3141"},{"taxonomy":"post_tag","embeddable":true,"href":"https:\/\/infogandia.es\/index.php\/wp-json\/wp\/v2\/tags?post=3141"}],"curies":[{"name":"wp","href":"https:\/\/api.w.org\/{rel}","templated":true}]}}