{"id":3151,"date":"2024-03-04T17:42:10","date_gmt":"2024-03-04T17:42:10","guid":{"rendered":"https:\/\/infogandia.es\/?p=3151"},"modified":"2024-03-04T17:42:10","modified_gmt":"2024-03-04T17:42:10","slug":"la-colegiata-se-abre-al-turismo-y-suma-su-patrimonio-a-los-atractivos-de-gandia","status":"publish","type":"post","link":"https:\/\/infogandia.es\/index.php\/2024\/03\/04\/la-colegiata-se-abre-al-turismo-y-suma-su-patrimonio-a-los-atractivos-de-gandia\/","title":{"rendered":"La Colegiata se abre al turismo y suma su patrimonio a los atractivos de Gandia"},"content":{"rendered":"\n<p>La Insigne Colegiata de Gandia ha sido el lugar escogido para presentar en rueda de prensa un nuevo programa de gesti\u00f3n tur\u00edstica con el que la Seu se suma para ser uno m\u00e1s de los muchos atractivos tur\u00edsticos de la ciudad. En la comparecencia han participado el abad de la Colegiata, \u00c1ngel Saneugenio; el alcalde de Gand\u00eda, Jos\u00e9 Manuel Prieto; la concejala de Cultura y Turismo, Balbina Sendra; la directora del Palacio Ducal, Estela Pellicer; la directora del Monasterio San Jer\u00f3nimo de Cotalba, Leonor de Ariz\u00f3n; y los representantes de la empresa ArtiSplendore, Mar\u00eda Lagunas y Francisco Gabarr\u00f3n.<\/p>\n\n\n\n<p>La nueva gesti\u00f3n tur\u00edstica se realizar\u00e1 a trav\u00e9s de la empresa ArtiSplendore, y supondr\u00e1 que el edificio se sume al abanico de propuestas del destino. De esta forma, la empresa que ya llev\u00f3 a cabo en su d\u00eda la instalaci\u00f3n de la audiogu\u00eda teatralizada con la voz de la duquesa Mar\u00eda Enr\u00edquez, el cambio de la imagen corporativa de la Colegiata, as\u00ed como la creaci\u00f3n de una nueva p\u00e1gina web, se encargar\u00e1 ahora de gestionar el acceso a la Parroquia de la familia Borja.<\/p>\n\n\n\n<p>As\u00ed las cosas, los turistas podr\u00e1n adquirir entradas para las visitas guiadas de forma individual o colectiva, por lo que por un importe de 10 euros, los visitantes podr\u00e1n ver el Palacio Ducal, el Monasterio de San Jer\u00f3nimo (pr\u00f3ximamente) y la Colegiata con una sola entrada. Adem\u00e1s, tambi\u00e9n se contempla la mejora de todo el sistema de recepci\u00f3n al turista o al visitante, as\u00ed como capacitar a la apertura del templo gandiense durante m\u00e1s horas al d\u00eda.<\/p>\n\n\n\n<p>Durante las intervenciones todos los participantes han incidido en la importancia de crear sinergias que permitan aumentar el atractivo global de Gandia como destino tur\u00edstico. En este sentido, Balbina Sendra ha mostrado su satisfacci\u00f3n por esta nueva medida. &#8220;Es un d\u00eda que esper\u00e1bamos desde hace mucho tiempo. Debemos felicitar a Don \u00c1ngel, Estela y Leonor por el trabajo que han hecho para que esto sea posible. Gandia es un destino fuerte si trabaja unido&#8221;. &#8220;Un turista quiz\u00e1s no nos visita para ver s\u00f3lo un monumento, pero s\u00ed lo har\u00e1 si puede disponer de una amplia oferta&#8221;.<\/p>\n\n\n\n<p>Jos\u00e9 Manuel Prieto afirm\u00f3 que la puesta en valor del patrimonio de una ciudad supone &#8220;una obligaci\u00f3n y, en nuestro caso, una convicci\u00f3n&#8221;. &#8220;Hoy vivimos un hito gracias a las sinergias con las que conseguimos, por un lado, valorizar el turismo patrimonial y complementario y, por otro, reafirmar nuestro relato de valores trayectoria hist\u00f3rica&#8221;.<br>Por \u00faltimo, el alcalde ha reafirmado su compromiso por continuar trabajando para establecer colaboraciones &#8220;con aquellos que quieren seguir cuidando nuestro patrimonio y poni\u00e9ndolo en valor&#8221;.<\/p>\n\n\n\n<p>Por su parte, el Abad ha querido agradecer la implicaci\u00f3n de la empresa, as\u00ed como del Ayuntamiento de Gandia, al alcalde, Jos\u00e9 Manuel Prieto, ya la concejala de Cultura y Turismo, Balbina Sendra, que &#8220;han sido claves para ayudar a fomentar esta gesti\u00f3n tur\u00edstica y cultural en la Parroquia Asunci\u00f3n de Nuestra Se\u00f1ora&nbsp;de&nbsp;Gandia&#8221;.<\/p>\n","protected":false},"excerpt":{"rendered":"<p>La Colegiata se abre al turismo y suma su patrimonio a los atractivos de Gandia.<\/p>\n<p>La Insigne Colegiata de Gandia ha sido el lugar escogido para presentar en rueda de prensa un nuevo programa de gesti\u00f3n tur\u00edstica con el que la Seu se suma para ser uno m\u00e1s de los muchos atractivos tur\u00edsticos de la ciudad. En la comparecencia han participado el abad de la Colegiata, \u00c1ngel Saneugenio; el alcalde de Gand\u00eda, Jos\u00e9 Manuel Prieto; la concejala de Cultura y Turismo, Balbina Sendra; la directora del Palacio Ducal, Estela Pellicer; la directora del Monasterio San Jer\u00f3nimo de Cotalba, Leonor de Ariz\u00f3n; y los representantes de la empresa ArtiSplendore, Mar\u00eda Lagunas y Francisco Gabarr\u00f3n.<\/p>\n<p>La nueva gesti\u00f3n tur\u00edstica se realizar\u00e1 a trav\u00e9s de la empresa ArtiSplendore, y supondr\u00e1 que el edificio se sume al abanico de propuestas del destino. De esta forma, la empresa que ya llev\u00f3 a cabo en su d\u00eda la instalaci\u00f3n de la audiogu\u00eda teatralizada con la voz de la duquesa Mar\u00eda Enr\u00edquez, el cambio de la imagen corporativa de la Colegiata, as\u00ed como la creaci\u00f3n de una nueva p\u00e1gina web, se encargar\u00e1 ahora de gestionar el acceso a la Parroquia de la familia Borja.<\/p>\n<p>As\u00ed las cosas, los turistas podr\u00e1n adquirir entradas para las visitas guiadas de forma individual o colectiva, por lo que por un importe de 10 euros, los visitantes podr\u00e1n ver el Palacio Ducal, el Monasterio de San Jer\u00f3nimo (pr\u00f3ximamente) y la Colegiata con una sola entrada. Adem\u00e1s, tambi\u00e9n se contempla la mejora de todo el sistema de recepci\u00f3n al turista o al visitante, as\u00ed como capacitar a la apertura del templo gandiense durante m\u00e1s horas al d\u00eda.<\/p>\n<p>Durante las intervenciones todos los participantes han incidido en la importancia de crear sinergias que permitan aumentar el atractivo global de Gandia como destino tur\u00edstico. En este sentido, Balbina Sendra ha mostrado su satisfacci\u00f3n por esta nueva medida. &#8220;Es un d\u00eda que esper\u00e1bamos desde hace mucho tiempo. Debemos felicitar a Don \u00c1ngel, Estela y Leonor por el trabajo que han hecho para que esto sea posible. Gandia es un destino fuerte si trabaja unido&#8221;. &#8220;Un turista quiz\u00e1s no nos visita para ver s\u00f3lo un monumento, pero s\u00ed lo har\u00e1 si puede disponer de una amplia oferta&#8221;.<\/p>\n<p>Jos\u00e9 Manuel Prieto afirm\u00f3 que la puesta en valor del patrimonio de una ciudad supone &#8220;una obligaci\u00f3n y, en nuestro caso, una convicci\u00f3n&#8221;. &#8220;Hoy vivimos un hito gracias a las sinergias con las que conseguimos, por un lado, valorizar el turismo patrimonial y complementario y, por otro, reafirmar nuestro relato de valores trayectoria hist\u00f3rica&#8221;.<br \/>\nPor \u00faltimo, el alcalde ha reafirmado su compromiso por continuar trabajando para establecer colaboraciones &#8220;con aquellos que quieren seguir cuidando nuestro patrimonio y poni\u00e9ndolo en valor&#8221;.<\/p>\n<p>Por su parte, el Abad ha querido agradecer la implicaci\u00f3n de la empresa, as\u00ed como del Ayuntamiento de Gandia, al alcalde, Jos\u00e9 Manuel Prieto, ya la concejala de Cultura y Turismo, Balbina Sendra, que &#8220;han sido claves para ayudar a fomentar esta gesti\u00f3n tur\u00edstica y cultural en la Parroquia Asunci\u00f3n de Nuestra Se\u00f1ora\u00a0de\u00a0Gandia&#8221;.<\/p>\n","protected":false},"author":1,"featured_media":3144,"comment_status":"open","ping_status":"open","sticky":false,"template":"","format":"standard","meta":{"footnotes":""},"categories":[1,57],"tags":[],"class_list":["post-3151","post","type-post","status-publish","format-standard","has-post-thumbnail","hentry","category-actualidad","category-turismo"],"_links":{"self":[{"href":"https:\/\/infogandia.es\/index.php\/wp-json\/wp\/v2\/posts\/3151","targetHints":{"allow":["GET"]}}],"collection":[{"href":"https:\/\/infogandia.es\/index.php\/wp-json\/wp\/v2\/posts"}],"about":[{"href":"https:\/\/infogandia.es\/index.php\/wp-json\/wp\/v2\/types\/post"}],"author":[{"embeddable":true,"href":"https:\/\/infogandia.es\/index.php\/wp-json\/wp\/v2\/users\/1"}],"replies":[{"embeddable":true,"href":"https:\/\/infogandia.es\/index.php\/wp-json\/wp\/v2\/comments?post=3151"}],"version-history":[{"count":1,"href":"https:\/\/infogandia.es\/index.php\/wp-json\/wp\/v2\/posts\/3151\/revisions"}],"predecessor-version":[{"id":3152,"href":"https:\/\/infogandia.es\/index.php\/wp-json\/wp\/v2\/posts\/3151\/revisions\/3152"}],"wp:featuredmedia":[{"embeddable":true,"href":"https:\/\/infogandia.es\/index.php\/wp-json\/wp\/v2\/media\/3144"}],"wp:attachment":[{"href":"https:\/\/infogandia.es\/index.php\/wp-json\/wp\/v2\/media?parent=3151"}],"wp:term":[{"taxonomy":"category","embeddable":true,"href":"https:\/\/infogandia.es\/index.php\/wp-json\/wp\/v2\/categories?post=3151"},{"taxonomy":"post_tag","embeddable":true,"href":"https:\/\/infogandia.es\/index.php\/wp-json\/wp\/v2\/tags?post=3151"}],"curies":[{"name":"wp","href":"https:\/\/api.w.org\/{rel}","templated":true}]}}