{"id":3181,"date":"2024-03-05T13:36:00","date_gmt":"2024-03-05T13:36:00","guid":{"rendered":"https:\/\/infogandia.es\/?p=3181"},"modified":"2024-03-05T13:36:00","modified_gmt":"2024-03-05T13:36:00","slug":"la-uci-y-las-urgencias-de-gandia-premiadas-por-sus-trabajos-de-investigacion","status":"publish","type":"post","link":"https:\/\/infogandia.es\/index.php\/2024\/03\/05\/la-uci-y-las-urgencias-de-gandia-premiadas-por-sus-trabajos-de-investigacion\/","title":{"rendered":"La UCI y las Urgencias de Gandia premiadas por sus trabajos de investigaci\u00f3n"},"content":{"rendered":"\n<p>La Associaci\u00f3 per a la Investigaci\u00f3 Sanit\u00e0ria a la Safor (AISSA) ha celebrado la XXVII edici\u00f3n de los premios que cada a\u00f1o se otorgan a los profesionales sanitarios del Departamento de Salud de Gandia por sus trabajos cient\u00edficos y de investigaci\u00f3n en salud en la Casa de Cultura de Gandia. Por primera vez en la historia de los premios se ha reconocido a dos trabajos realizados por profesionales de enfermer\u00eda.<\/p>\n\n\n\n<p>En concreto, enfermer\u00eda de UCI ha obtenido el premio al mejor art\u00edculo cient\u00edfico con el estudio &#8216;Nivel y precepci\u00f3n del conocimiento en la transmisi\u00f3n pr\u00e1ctica de una t\u00e9cnica en UCI&#8217;, realizado por Silvia G\u00f3mez, Carmen Cort\u00e9s. Diego Jim\u00e9nez y Eva M\u00aa Garc\u00eda, enfermeros de UCI, junto a Manuel Solera, jefe de servicio de UCI, entre otros.<\/p>\n\n\n\n<p>El acc\u00e9sit al mejor art\u00edculo cient\u00edfico ha sido para el servicio de Pediatr\u00eda, por &#8216;Recribado auditivo neonatal en un hospital de segundo nivel: problemas y soluciones&#8217;, cuyos autores son Marta G\u00f3mez Delgado, Jos\u00e9 Miguel Sequ\u00ed Sabater, Ana Marco Sabater y Jos\u00e9 Miguel Sequ\u00ed Canet, entre otros.<\/p>\n\n\n\n<p>Por su parte, \u00c1ngela Soler Sanchis, enfermera de Urgencias, ha obtenido el acc\u00e9sit al mejor art\u00edculo multic\u00e9ntrico por &#8216;Grupo de riesgo cl\u00ednico como predictor de mortalidad en adultos mayores delirantes en el servicio de Urgencias&#8217;, junto con profesionales de la Universitat de Val\u00e8ncia.<\/p>\n\n\n\n<p>El mejor art\u00edculo multic\u00e9ntrico ha sido para &#8216;Infliximab subcut\u00e1neo, un aut\u00e9ntico f\u00e1rmaco biol\u00f3gico 2.0. Datos de pr\u00e1ctica cl\u00ednica real&#8217;, de Lidia Mart\u00ed romero y Gloria Alemany P\u00e9rez, del servicio de Digestivo, junto con profesionales de los servicios de Digestivo de los hospitales General de Valencia, Doctor Peset, Llu\u00eds Alcany\u00eds de X\u00e0tiva, Cl\u00ednico de Valencia y Sagunto, as\u00ed como el servicio de An\u00e1lisis Cl\u00ednicos del Hospital General de Valencia.<\/p>\n\n\n\n<p>En cuanto a la mejor comunicaci\u00f3n cient\u00edfica, los premiados han sido Josep Vicent Carmona Moral, Ainhoa Meseguer Berroy, Gemma Ram\u00edrez Benlloch, Carla Folgado de la Herr\u00e1n y Clara Cabrerizo Soler, del servicio de Ginecolog\u00eda y Obstetricia, por &#8216;Histeroscopias en consulta: nuestra experiencia con gel anest\u00e9sico Lidbree&#8217;.<\/p>\n\n\n\n<p>El acc\u00e9sit de comunicaci\u00f3n cient\u00edfica ha sido para el &#8216;Estudio comparativo en cad\u00e1ver de dos tipos de abordaje anterior parapatelar lateral de rodilla. Por \u00faltimo, el mejor caso cl\u00ednico ha sido &#8216;Uso de teduglitide en intestino corto secundario a enfermedad de Crohn en un paciente con terapia dual Ustekinumab y velomizumab. Reporte de un caso\u00bb, del servicio de Digestivo.<\/p>\n\n\n\n<p>Otros galardones<\/p>\n\n\n\n<p>Este a\u00f1o la Associaci\u00f3 ha nombrado socio de honor al Dr. Joaqu\u00edn Mi\u00f1ana Lorente, medico intensivista del Hospital Universitario Francesc de Borja de Gandia y cofundador de AISSA en 1993.<br>El doctor Mi\u00f1ana fue director m\u00e9dico del Hospital de Gandia desde 1990 a 1995; gerente del Departamento desde 2015 hasta su jubilaci\u00f3n en 2022, adem\u00e1s de subdirector medico entre 1988 y 1990.<\/p>\n\n\n\n<p>Por su parte, el presidente de AISSA, Manuel Solera, ha agradecido el esfuerzo de todos los participantes que han presentado sus trabajos de investigaci\u00f3n y ha destacado la labor de la asociaci\u00f3n para fomentar la innovaci\u00f3n.<\/p>\n\n\n\n<p>Los premios de l&#8217;Associaci\u00f3 per a la Investigaci\u00f3 Sanit\u00e0ria de la Safor se han celebrado desde 1997 con el objetivo de reconocer los mejores trabajos publicados en revistas del campo de la salud, comunicaciones presentadas a congresos y proyectos de investigaci\u00f3n realizados por los profesionales sanitarios&nbsp;de&nbsp;la&nbsp;comarca.<\/p>\n","protected":false},"excerpt":{"rendered":"<p>La UCI y las Urgencias de Gandia premiadas por sus trabajos de investigaci\u00f3n<\/p>\n","protected":false},"author":1,"featured_media":3169,"comment_status":"open","ping_status":"open","sticky":false,"template":"","format":"standard","meta":{"footnotes":""},"categories":[1,27],"tags":[],"class_list":["post-3181","post","type-post","status-publish","format-standard","has-post-thumbnail","hentry","category-actualidad","category-sociedad"],"_links":{"self":[{"href":"https:\/\/infogandia.es\/index.php\/wp-json\/wp\/v2\/posts\/3181","targetHints":{"allow":["GET"]}}],"collection":[{"href":"https:\/\/infogandia.es\/index.php\/wp-json\/wp\/v2\/posts"}],"about":[{"href":"https:\/\/infogandia.es\/index.php\/wp-json\/wp\/v2\/types\/post"}],"author":[{"embeddable":true,"href":"https:\/\/infogandia.es\/index.php\/wp-json\/wp\/v2\/users\/1"}],"replies":[{"embeddable":true,"href":"https:\/\/infogandia.es\/index.php\/wp-json\/wp\/v2\/comments?post=3181"}],"version-history":[{"count":1,"href":"https:\/\/infogandia.es\/index.php\/wp-json\/wp\/v2\/posts\/3181\/revisions"}],"predecessor-version":[{"id":3182,"href":"https:\/\/infogandia.es\/index.php\/wp-json\/wp\/v2\/posts\/3181\/revisions\/3182"}],"wp:featuredmedia":[{"embeddable":true,"href":"https:\/\/infogandia.es\/index.php\/wp-json\/wp\/v2\/media\/3169"}],"wp:attachment":[{"href":"https:\/\/infogandia.es\/index.php\/wp-json\/wp\/v2\/media?parent=3181"}],"wp:term":[{"taxonomy":"category","embeddable":true,"href":"https:\/\/infogandia.es\/index.php\/wp-json\/wp\/v2\/categories?post=3181"},{"taxonomy":"post_tag","embeddable":true,"href":"https:\/\/infogandia.es\/index.php\/wp-json\/wp\/v2\/tags?post=3181"}],"curies":[{"name":"wp","href":"https:\/\/api.w.org\/{rel}","templated":true}]}}