{"id":3183,"date":"2024-03-05T13:36:38","date_gmt":"2024-03-05T13:36:38","guid":{"rendered":"https:\/\/infogandia.es\/?p=3183"},"modified":"2024-03-05T13:36:38","modified_gmt":"2024-03-05T13:36:38","slug":"la-carrera-de-la-mujer-se-suma-al-programa-del-8-de-marzo-de-gandia-con-entrenamientos-y-un-concurso-de-relatos-escolar","status":"publish","type":"post","link":"https:\/\/infogandia.es\/index.php\/2024\/03\/05\/la-carrera-de-la-mujer-se-suma-al-programa-del-8-de-marzo-de-gandia-con-entrenamientos-y-un-concurso-de-relatos-escolar\/","title":{"rendered":"La Carrera de la Mujer se suma al programa del 8 de marzo de Gandia con entrenamientos y un concurso de relatos escolar"},"content":{"rendered":"\n<p>La concejala delegada de Igualdad, Maribel Codina, y el presidente del Club de Atletismo Safor Teika, Vicent Bosc\u00e0, comparecieron hoy en rueda de prensa para hablar sobre las actividades que la organizaci\u00f3n de la Carrera de la Mujer ha elaborado con motivo del 8 de marzo, D\u00eda Internacional de la Mujer.<\/p>\n\n\n\n<p>La concejala ha recordado que el programa del 8 de marzo tendr\u00e1 diversas actividades como, por ejemplo, la actuaci\u00f3n del alumnado de los colegios de Gandia, &#8216;Respirem en igualdad&#8217;, que ser\u00e1 a las 11.30 delante del consistorio, o el almuerzo solidario que tendr\u00e1 lugar a las 14 horas en la calle Tossal. M\u00e1s tarde, a las 16.30 horas se har\u00e1 una foto en el puerto de Gandia para visibilizar a las mujeres del barrio y, a las 18.30 horas, empezar\u00e1 la tradicional manifestaci\u00f3n del 8M, que saldr\u00e1 del centro de salud de Beniopa.<\/p>\n\n\n\n<p>&#8220;Hemos preparado una jornada llena de actividades y es de agradecer que entidades y clubes se involucran en el calendario que hemos dise\u00f1ado desde el departamento de igualdad. Este a\u00f1o tenemos como lema &#8216;Acelerando la Igualdad&#8217;, algo que en Gandia conseguimos impulsando medidas encaminadas al empoderamiento de las mujeres ya combatir a todos aquellos que se atreven a negar las desigualdades&#8221;, ha declarado Codina.<\/p>\n\n\n\n<p>Tal y como ha recordado Bosc\u00e0, la carrera tendr\u00e1 lugar el domingo 21 de abril. Sin embargo, los entrenamientos gratuitos empezar\u00e1n este domingo, 10 de marzo, con una jornada especial en la que, con motivo del D\u00eda de la Mujer, todas las asistentes recibir\u00e1n un regalo. Para participar, no ser\u00e1 necesario inscribirse, sino simplemente presentarse en el parque Joan Fuster a las 10 horas.<\/p>\n\n\n\n<p>Adem\u00e1s, el presidente ha aprovechado para explicar que el viernes 15 de marzo, d\u00eda de la Plant\u00e0, tambi\u00e9n habr\u00e1 un entrenamiento especial en el que las deportistas, que saldr\u00e1n de la plaza del Prado a las 10 horas, podr\u00e1n visitar todos los monumentos falleros del Centro Hist\u00f3rico. La cita finalizar\u00e1 en la plaza Mayor con un desayuno saludable que tendr\u00e1 lugar en el Ayuntamiento.<\/p>\n\n\n\n<p>El resto de entrenamientos, organizados con la colaboraci\u00f3n de la cl\u00ednica biom\u00e9dica Ascires, se llevar\u00e1n a cabo los d\u00edas 17, 24 y 31 de marzo y 7 y 14 de abril.<\/p>\n\n\n\n<p>Por lo que respecta a las escuelas, Bosc\u00e0 ha comentado que se est\u00e1 llevando a cabo la segunda edici\u00f3n del concurso de relatos de la competici\u00f3n. \u00c9ste se dirige a todo el alumnado de quinto de primaria de la comarca y consiste en redactar un texto de entre 100 y 150 palabras. Con este concurso, la organizaci\u00f3n quiere visibilizar la importancia del deporte femenino. Por eso, la entrega de premios tendr\u00e1 lugar el 8 de marzo en la plaza Mayor, justo despu\u00e9s de la lectura del manifiesto programada a las 12 horas.<\/p>\n\n\n\n<p>Los estudiantes que queden en primer, segundo y tercer puesto ganar\u00e1n respectivamente 100, 75 y 50 euros que podr\u00e1n gastar en material deportivo. Por su parte, los siete finalistas obtendr\u00e1n una bolsa de regalo del Club de Atletismo&nbsp;Safor&nbsp;Teika.<\/p>\n","protected":false},"excerpt":{"rendered":"<p>La Carrera de la Mujer se suma al programa del 8 de marzo de Gandia con entrenamientos y un concurso de relatos escolar<\/p>\n","protected":false},"author":1,"featured_media":3170,"comment_status":"open","ping_status":"open","sticky":false,"template":"","format":"standard","meta":{"footnotes":""},"categories":[1,4],"tags":[],"class_list":["post-3183","post","type-post","status-publish","format-standard","has-post-thumbnail","hentry","category-actualidad","category-deporte"],"_links":{"self":[{"href":"https:\/\/infogandia.es\/index.php\/wp-json\/wp\/v2\/posts\/3183","targetHints":{"allow":["GET"]}}],"collection":[{"href":"https:\/\/infogandia.es\/index.php\/wp-json\/wp\/v2\/posts"}],"about":[{"href":"https:\/\/infogandia.es\/index.php\/wp-json\/wp\/v2\/types\/post"}],"author":[{"embeddable":true,"href":"https:\/\/infogandia.es\/index.php\/wp-json\/wp\/v2\/users\/1"}],"replies":[{"embeddable":true,"href":"https:\/\/infogandia.es\/index.php\/wp-json\/wp\/v2\/comments?post=3183"}],"version-history":[{"count":1,"href":"https:\/\/infogandia.es\/index.php\/wp-json\/wp\/v2\/posts\/3183\/revisions"}],"predecessor-version":[{"id":3184,"href":"https:\/\/infogandia.es\/index.php\/wp-json\/wp\/v2\/posts\/3183\/revisions\/3184"}],"wp:featuredmedia":[{"embeddable":true,"href":"https:\/\/infogandia.es\/index.php\/wp-json\/wp\/v2\/media\/3170"}],"wp:attachment":[{"href":"https:\/\/infogandia.es\/index.php\/wp-json\/wp\/v2\/media?parent=3183"}],"wp:term":[{"taxonomy":"category","embeddable":true,"href":"https:\/\/infogandia.es\/index.php\/wp-json\/wp\/v2\/categories?post=3183"},{"taxonomy":"post_tag","embeddable":true,"href":"https:\/\/infogandia.es\/index.php\/wp-json\/wp\/v2\/tags?post=3183"}],"curies":[{"name":"wp","href":"https:\/\/api.w.org\/{rel}","templated":true}]}}