{"id":3187,"date":"2024-03-05T13:38:11","date_gmt":"2024-03-05T13:38:11","guid":{"rendered":"https:\/\/infogandia.es\/?p=3187"},"modified":"2024-03-05T13:38:12","modified_gmt":"2024-03-05T13:38:12","slug":"este-viernes-se-presentara-la-revista-passio-y-el-cartel-anunciador-de-la-semana-sata-de-gandia","status":"publish","type":"post","link":"https:\/\/infogandia.es\/index.php\/2024\/03\/05\/este-viernes-se-presentara-la-revista-passio-y-el-cartel-anunciador-de-la-semana-sata-de-gandia\/","title":{"rendered":"Este viernes se presentar\u00e1 la Revista Passio y el cartel anunciador de la Semana Sata de Gandia"},"content":{"rendered":"\n<p>La Junta Mayor de Hermandades de la Semana Santa de Gandia ha anunciado que este viernes presenta en el Teatre Serrano las dos publicaciones m\u00e1s relevantes de todo el ejercicio como es la Revista Passio y el cartel anunciador de la Semana Sata de Gandia.<\/p>\n\n\n\n<p>El acto tendr\u00e1 lugar este viernes a las 21h, momento en que se desvelar\u00e1 la nueva edici\u00f3n de una publicaci\u00f3n tan consolidada y reconocida como la Revista Passio que al igual que en las \u00faltimas tres ediciones se encuentra dise\u00f1ada por Salva Gregori, Rafa Andr\u00e9s y Ferm\u00edn Romaguera.<\/p>\n\n\n\n<p>Una vez m\u00e1s, los tres fot\u00f3grafos han abierto su archivo fotogr\u00e1fico para dar color a cada p\u00e1gina del Passio en un despliegue de vistosidad de la Semana Santa de Gandia en general y las Hermandades en particular.<\/p>\n\n\n\n<p>Por su parte, el cartel ha sido dise\u00f1ado por Javi Valiente, dise\u00f1ador gr\u00e1fico bajo el nombre Revolution, tiene su propio estudio de dise\u00f1o gr\u00e1fico y multimedia. Naci\u00f3 en Valencia hace 39 a\u00f1os y a lo largo de su trayectoria ha tenido el placer de trabajar para marcas de toda Espa\u00f1a: Warner Bros, Antena 3 TV, Idealista, Amazon, Pepsi.<\/p>\n\n\n\n<p>La ambientaci\u00f3n musical del acto correr\u00e1 a cargo del quinteto de metales de la Orquesta Sinf\u00f3nica Victoria Fern\u00e1ndez que interpretar\u00e1n diversas piezas musicales de m\u00fasica cofrade.<\/p>\n\n\n\n<p>El acto es abierto al p\u00fablico y la entrada gratuita hasta completar aforo. Para Emili Ripoll, Presidente de la Semana Santa de Gandia, \u201cla presentaci\u00f3n de la Revista Passio y el cartel anunciador es uno de los eventos m\u00e1s relevantes del calendario de la Semana Santa de Gandia\u201d a lo que ha a\u00f1adido \u201cun a\u00f1o m\u00e1s apostamos por el Passio como elemento distintivo y reconocible de la Semana Santa&nbsp;de&nbsp;Gandia&#8221;.<\/p>\n","protected":false},"excerpt":{"rendered":"<p>Este viernes se presentar\u00e1 la Revista Passio y el cartel anunciador de la Semana Sata de Gandia.<\/p>\n","protected":false},"author":1,"featured_media":3172,"comment_status":"open","ping_status":"open","sticky":false,"template":"","format":"standard","meta":{"footnotes":""},"categories":[1,27],"tags":[],"class_list":["post-3187","post","type-post","status-publish","format-standard","has-post-thumbnail","hentry","category-actualidad","category-sociedad"],"_links":{"self":[{"href":"https:\/\/infogandia.es\/index.php\/wp-json\/wp\/v2\/posts\/3187","targetHints":{"allow":["GET"]}}],"collection":[{"href":"https:\/\/infogandia.es\/index.php\/wp-json\/wp\/v2\/posts"}],"about":[{"href":"https:\/\/infogandia.es\/index.php\/wp-json\/wp\/v2\/types\/post"}],"author":[{"embeddable":true,"href":"https:\/\/infogandia.es\/index.php\/wp-json\/wp\/v2\/users\/1"}],"replies":[{"embeddable":true,"href":"https:\/\/infogandia.es\/index.php\/wp-json\/wp\/v2\/comments?post=3187"}],"version-history":[{"count":1,"href":"https:\/\/infogandia.es\/index.php\/wp-json\/wp\/v2\/posts\/3187\/revisions"}],"predecessor-version":[{"id":3188,"href":"https:\/\/infogandia.es\/index.php\/wp-json\/wp\/v2\/posts\/3187\/revisions\/3188"}],"wp:featuredmedia":[{"embeddable":true,"href":"https:\/\/infogandia.es\/index.php\/wp-json\/wp\/v2\/media\/3172"}],"wp:attachment":[{"href":"https:\/\/infogandia.es\/index.php\/wp-json\/wp\/v2\/media?parent=3187"}],"wp:term":[{"taxonomy":"category","embeddable":true,"href":"https:\/\/infogandia.es\/index.php\/wp-json\/wp\/v2\/categories?post=3187"},{"taxonomy":"post_tag","embeddable":true,"href":"https:\/\/infogandia.es\/index.php\/wp-json\/wp\/v2\/tags?post=3187"}],"curies":[{"name":"wp","href":"https:\/\/api.w.org\/{rel}","templated":true}]}}