{"id":3203,"date":"2024-03-07T16:05:58","date_gmt":"2024-03-07T16:05:58","guid":{"rendered":"https:\/\/infogandia.es\/?p=3203"},"modified":"2024-03-07T16:05:58","modified_gmt":"2024-03-07T16:05:58","slug":"el-ciclo-marquesa-concerts-se-posiciona-como-un-nuevo-atractivo-turistico-de-gandia","status":"publish","type":"post","link":"https:\/\/infogandia.es\/index.php\/2024\/03\/07\/el-ciclo-marquesa-concerts-se-posiciona-como-un-nuevo-atractivo-turistico-de-gandia\/","title":{"rendered":"El ciclo \u2018Marquesa Concerts\u2019 se posiciona como un nuevo atractivo tur\u00edstico de Gandia"},"content":{"rendered":"\n<p>La concejala delegada de Cultura, Balbina Sendra y el director de la Casa de la Marquesa, Eudald Gonz\u00e1lez, han presentado hoy el ciclo Marquesa Concerts 2024. Un ciclo musical que en su XXIII edici\u00f3n apuesta por presentarse y ponerse en valor como un atractivo tur\u00edstico m\u00e1s de los que ofrece Gand\u00eda.<\/p>\n\n\n\n<p>Las actuaciones tendr\u00e1n lugar entre el 18 de mayo y el 15 de junio y estar\u00e1n en el jard\u00edn de la Casa de la Cultura, que cuenta con un aforo de cerca de 600 espectadores. Todos los conciertos empezar\u00e1n a las 21.30 horas.<\/p>\n\n\n\n<p>&#8220;Este a\u00f1o, hemos avanzado la presentaci\u00f3n de la iniciativa casi uno m\u00e1s, porque queremos que sean cada vez m\u00e1s los turistas que vengan a disfrutar el ciclo y pensamos que la gente de fuera puede aprovechar los d\u00edas de Fallas para conocer la propuesta&#8221;, ha apostillado destacado el edil, quien ha a\u00f1adido que &#8220;sabemos que el ciclo tiene un p\u00fablico muy fiel que es de Gandia, pero hemos apostado por el binomio cultura-turismo y, aunque ya hay muchos visitantes que disfrutan del proyecto, queremos que los que no lo han hecho a\u00fan tengan m\u00e1s tiempo que nunca para comprar las entradas, que ya est\u00e1n a la venta&#8221;. &#8220;Centraremos nuestros esfuerzos en difundir el ciclo en determinados c\u00edrculos para aumentar su difusi\u00f3n al p\u00fablico extranjero&#8221;.<\/p>\n\n\n\n<p>Respecto a la programaci\u00f3n, el primer d\u00eda, 18 de mayo, la abrir\u00e1 &#8216;La Maria&#8217;, una chica nacida en Oliva que, hace ya tres a\u00f1os, irrumpi\u00f3 en la escena de la m\u00fasica valenciana con su innovadora mezcla de canto tradicional y sonidos electr\u00f3nicos.<\/p>\n\n\n\n<p>&#8220;Siempre dedicamos un espacio de la programaci\u00f3n a alg\u00fan grupo o artista emergente de la Comunitat Valenciana. Me consta que la propuesta de este a\u00f1o tiene muchas posibilidades de convertirse en una cantante que llegue a los grandes festivales&#8221;, ha comentado Gonz\u00e1lez.<\/p>\n\n\n\n<p>El 25 de mayo actuar\u00e1 Guillem Gisbert, antiguo vocalista de la banda de pop catalana &#8216;Manel&#8217;, que se separ\u00f3 en 2023 despu\u00e9s de 15 a\u00f1os de trayectoria. Por su parte, en junio arrancar\u00e1 con &#8216;Los enemigos&#8217;, un grupo de rock en castellano que naci\u00f3 en 1985 y cuenta con un repertorio de temas muy conocidos en el panorama espa\u00f1ol.<\/p>\n\n\n\n<p>El 8 de junio ser\u00e1 el turno de &#8216;Triana&#8217; que, cuando surgi\u00f3 en 1974, supuso toda una revoluci\u00f3n y el nacimiento de un estilo de m\u00fasica llamado rock andaluz, que mezcla ese g\u00e9nero con el flamenco. Aunque con una nueva formaci\u00f3n, la banda vuelve a la arena con una gira titulada &#8216;La llama sigue viva&#8217;.<\/p>\n\n\n\n<p>Por \u00faltimo, &#8216;Bar\u00f3n Rojo&#8217;, una de las bandas pioneras del heavy metal en castellano, ser\u00e1 la encargada de poner el punto y final al ciclo con su gira final &#8216;El \u00faltimo vuelo&#8217;. En cuanto al precio, las entradas de cada concierto, excepto el de &#8216;La Maria&#8217;, que ser\u00e1 gratuito, cuestan 12 euros, 10 euros si se adquieren con el Carnet Jove, de pensionista o la Tarjeta Dorada. \u00c9stas se pueden comprar en la p\u00e1gina www.instanticket.es, o en la taquilla de la Casa de Cultura de lunes a s\u00e1bado de 11 a 14 horas, de 18 a 20 horas, o 30 minutos antes de los conciertos.Adem\u00e1s, podr\u00e1 adquirirse un abono para asistir a todas las actuaciones por 36 euros, 30 euros con los carn\u00e9s mencionados anteriormente. Estos s\u00f3lo se podr\u00e1n comprar de forma f\u00edsica.<\/p>\n","protected":false},"excerpt":{"rendered":"<p>El ciclo \u2018Marquesa Concerts\u2019 se posiciona como un nuevo atractivo tur\u00edstico de Gandia.<\/p>\n","protected":false},"author":1,"featured_media":3191,"comment_status":"open","ping_status":"open","sticky":false,"template":"","format":"standard","meta":{"footnotes":""},"categories":[1,27],"tags":[],"class_list":["post-3203","post","type-post","status-publish","format-standard","has-post-thumbnail","hentry","category-actualidad","category-sociedad"],"_links":{"self":[{"href":"https:\/\/infogandia.es\/index.php\/wp-json\/wp\/v2\/posts\/3203","targetHints":{"allow":["GET"]}}],"collection":[{"href":"https:\/\/infogandia.es\/index.php\/wp-json\/wp\/v2\/posts"}],"about":[{"href":"https:\/\/infogandia.es\/index.php\/wp-json\/wp\/v2\/types\/post"}],"author":[{"embeddable":true,"href":"https:\/\/infogandia.es\/index.php\/wp-json\/wp\/v2\/users\/1"}],"replies":[{"embeddable":true,"href":"https:\/\/infogandia.es\/index.php\/wp-json\/wp\/v2\/comments?post=3203"}],"version-history":[{"count":1,"href":"https:\/\/infogandia.es\/index.php\/wp-json\/wp\/v2\/posts\/3203\/revisions"}],"predecessor-version":[{"id":3204,"href":"https:\/\/infogandia.es\/index.php\/wp-json\/wp\/v2\/posts\/3203\/revisions\/3204"}],"wp:featuredmedia":[{"embeddable":true,"href":"https:\/\/infogandia.es\/index.php\/wp-json\/wp\/v2\/media\/3191"}],"wp:attachment":[{"href":"https:\/\/infogandia.es\/index.php\/wp-json\/wp\/v2\/media?parent=3203"}],"wp:term":[{"taxonomy":"category","embeddable":true,"href":"https:\/\/infogandia.es\/index.php\/wp-json\/wp\/v2\/categories?post=3203"},{"taxonomy":"post_tag","embeddable":true,"href":"https:\/\/infogandia.es\/index.php\/wp-json\/wp\/v2\/tags?post=3203"}],"curies":[{"name":"wp","href":"https:\/\/api.w.org\/{rel}","templated":true}]}}