{"id":3205,"date":"2024-03-07T16:06:29","date_gmt":"2024-03-07T16:06:29","guid":{"rendered":"https:\/\/infogandia.es\/?p=3205"},"modified":"2024-03-07T16:06:30","modified_gmt":"2024-03-07T16:06:30","slug":"el-paro-baja-en-gandia-un-107-respecto-a-2023","status":"publish","type":"post","link":"https:\/\/infogandia.es\/index.php\/2024\/03\/07\/el-paro-baja-en-gandia-un-107-respecto-a-2023\/","title":{"rendered":"El paro baja en Gandia un 10,7% respecto a 2023"},"content":{"rendered":"\n<p>El concejal delegado de Hacienda, Salvador Gregori, y la concejala de Econom\u00eda, Empresa y Empleo, Elena Moncho, presentaron hoy un balance del paro de Gandia durante 2023 y los primeros meses de 2024.<\/p>\n\n\n\n<p>Para empezar, el edil ha destacado que en estos momentos hay menos desempleo que en plena campa\u00f1a tur\u00edstica del \u00faltimo verano. &#8220;Si nos fijamos en los datos desestacionalizados de los \u00faltimos doce meses, es decir, las cifras que miden la tendencia del paro en la ciudad, vemos c\u00f3mo, desde enero de 2023, \u00e9stas no han hecho m\u00e1s que bajar&#8221;, ha explicado Gregori, quien se\u00f1al\u00f3 que pr\u00e1cticamente tres cuartas partes del per\u00edodo de tiempo analizado han tenido bajadas del desempleo. &#8220;De hecho, actualmente Gandia se encuentra en uno de los puntos m\u00e1s bajos de paro desde que comenz\u00f3 la crisis en 2008&#8221;, ha afirmado.<\/p>\n\n\n\n<p>Y es que los datos indican que, con 5.351 personas desempleadas en la ciudad, el mes de febrero ha estado a su mejor nivel desde el 2009, hace quince a\u00f1os. Respecto al a\u00f1o pasado, Gandia tiene un 10,7% menos de paro que en el 2023, lo que significa que termin\u00f3 diciembre por debajo de los 6.000 parados.<\/p>\n\n\n\n<p>Ante estas cifras, Gregori ha comentado que, poco a poco, se est\u00e1 recuperando el nivel de paro que exist\u00eda antes de la crisis. &#8220;No nos conformamos con estas cifras. Continuaremos llevando a cabo pol\u00edticas de empleo para que la situaci\u00f3n vaya mejor y trabajemos para captar inversiones privadas y fondos de otras administraciones que nos permitan generar nuevas oportunidades que acaban creando m\u00e1s puestos de trabajo&#8221;.<\/p>\n\n\n\n<p>El concejal tambi\u00e9n ha querido poner en valor una de las particularidades del comportamiento del empleo en Gand\u00eda, ya que las cifras demuestran que son las mujeres las que est\u00e1n accediendo cada vez a m\u00e1s puestos de trabajo. Durante los \u00faltimos meses, 420 mujeres han encontrado trabajo frente a 220 hombres.<br>Por \u00faltimo, el edil compar\u00f3 todos los municipios de m\u00e1s de 45.000 habitantes de la Comunitat Valenciana con Gandia y afirm\u00f3 que, hoy, \u00e9sta es la segunda ciudad donde ha bajado m\u00e1s el paro en todo el territorio valenciano.<\/p>\n\n\n\n<p>En cuanto a las medidas que desde el ejecutivo se ponen en marcha para reducir las cifras del paro, Moncho ha explicado que el departamento de Promoci\u00f3n Econ\u00f3mica lleva a cabo diversas acciones de formaci\u00f3n que tienen como objetivo mejorar la empleabilidad de las personas en paro.<\/p>\n\n\n\n<p>En los \u00faltimos seis meses, se han llevado a cabo 20 actividades de este tipo en las que han participado 303 personas. Estas actividades centran su formaci\u00f3n en aspectos como los procesos de selecci\u00f3n, los perfiles m\u00e1s demandados por las empresas de la comarca, la digitalizaci\u00f3n, etc.<\/p>\n\n\n\n<p>Adem\u00e1s, el servicio de orientaci\u00f3n laboral ha atendido a m\u00e1s de 200 personas, mientras que el de orientaci\u00f3n a las personas emprendedoras ha acogido 56 proyectos. &#8220;Este \u00faltimo servicio se dedica a ayudar a los emprendedores a realizar un plan de negocio ya ense\u00f1arles a dar los primeros pasos para crear su empresa. Desde septiembre pasado, esta prestaci\u00f3n ha ayudado a crear 10 empresas&#8221; ha informado Moncho quien ha incidido en la importancia de estos servicios, puesto que generan nuevas empresas y oportunidades.<\/p>\n\n\n\n<p>Por su parte, la Agencia de Colocaci\u00f3n Local ha tramitado 98 ofertas de trabajo y ha logrado la contrataci\u00f3n de 51 personas. &#8220;Adem\u00e1s, existen otras acciones, como los Dispositivos de Acceso al Talento, varios bootcamps o el taller de ocupaci\u00f3n del Parque Urbano de Santa Anna y Beniopa, donde se est\u00e1 formando y dando trabajo a 30 personas, que tambi\u00e9n est\u00e1n ayudando a que el paro del municipio se reduzca&#8221;, ha finalizado.<\/p>\n","protected":false},"excerpt":{"rendered":"<p>El paro baja en Gandia un 10,7% respecto a 2023.<\/p>\n","protected":false},"author":1,"featured_media":3192,"comment_status":"open","ping_status":"open","sticky":false,"template":"","format":"standard","meta":{"footnotes":""},"categories":[1,27],"tags":[],"class_list":["post-3205","post","type-post","status-publish","format-standard","has-post-thumbnail","hentry","category-actualidad","category-sociedad"],"_links":{"self":[{"href":"https:\/\/infogandia.es\/index.php\/wp-json\/wp\/v2\/posts\/3205","targetHints":{"allow":["GET"]}}],"collection":[{"href":"https:\/\/infogandia.es\/index.php\/wp-json\/wp\/v2\/posts"}],"about":[{"href":"https:\/\/infogandia.es\/index.php\/wp-json\/wp\/v2\/types\/post"}],"author":[{"embeddable":true,"href":"https:\/\/infogandia.es\/index.php\/wp-json\/wp\/v2\/users\/1"}],"replies":[{"embeddable":true,"href":"https:\/\/infogandia.es\/index.php\/wp-json\/wp\/v2\/comments?post=3205"}],"version-history":[{"count":1,"href":"https:\/\/infogandia.es\/index.php\/wp-json\/wp\/v2\/posts\/3205\/revisions"}],"predecessor-version":[{"id":3206,"href":"https:\/\/infogandia.es\/index.php\/wp-json\/wp\/v2\/posts\/3205\/revisions\/3206"}],"wp:featuredmedia":[{"embeddable":true,"href":"https:\/\/infogandia.es\/index.php\/wp-json\/wp\/v2\/media\/3192"}],"wp:attachment":[{"href":"https:\/\/infogandia.es\/index.php\/wp-json\/wp\/v2\/media?parent=3205"}],"wp:term":[{"taxonomy":"category","embeddable":true,"href":"https:\/\/infogandia.es\/index.php\/wp-json\/wp\/v2\/categories?post=3205"},{"taxonomy":"post_tag","embeddable":true,"href":"https:\/\/infogandia.es\/index.php\/wp-json\/wp\/v2\/tags?post=3205"}],"curies":[{"name":"wp","href":"https:\/\/api.w.org\/{rel}","templated":true}]}}