{"id":3209,"date":"2024-03-07T16:08:06","date_gmt":"2024-03-07T16:08:06","guid":{"rendered":"https:\/\/infogandia.es\/?p=3209"},"modified":"2024-03-07T16:08:07","modified_gmt":"2024-03-07T16:08:07","slug":"el-gobierno-de-gandia-reitera-a-la-generalitat-que-desbloquee-el-dinero-para-poder-reanudar-las-obras-de-mejora-del-ceip-rois-de-corella","status":"publish","type":"post","link":"https:\/\/infogandia.es\/index.php\/2024\/03\/07\/el-gobierno-de-gandia-reitera-a-la-generalitat-que-desbloquee-el-dinero-para-poder-reanudar-las-obras-de-mejora-del-ceip-rois-de-corella\/","title":{"rendered":"El gobierno de Gandia reitera a la Generalitat que desbloquee el dinero para poder reanudar las obras de mejora del CEIP Ro\u00eds de Corella"},"content":{"rendered":"\n<p>El alcalde de Gandia, Jos\u00e9 Manuel Prieto, acompa\u00f1ado de la concejala de Educaci\u00f3n, Esther Sapena, se ha reunido esta ma\u00f1ana con el equipo directivo del CEIP Ro\u00eds de Corella y la Asociaci\u00f3n de familiares y alumnado, con el fin de comprobar el estado actual del centro.<\/p>\n\n\n\n<p>Y es que el Ayuntamiento sigue esperando, desde agosto de 2023, que la Conselleria de Educaci\u00f3n publique la resoluci\u00f3n de la modificaci\u00f3n de delegaci\u00f3n de competencias en el DOGV, para ampliar el presupuesto y poder continuar con las obras de adecuaci\u00f3n del colegio.<\/p>\n\n\n\n<p>\u201cPensamos que ya es momento no s\u00f3lo de seguir reivindicando, sino de pasar a la acci\u00f3n desde la administraci\u00f3n local para que se cumpla con lo que toca; con seguir invirtiendo en el centro y con acabar unas obras que, por la quiebra econ\u00f3mica de la constructora, llevan alg\u00fan tiempo paradas\u201d, ha asegurado el alcalde.<\/p>\n\n\n\n<p>De igual modo, la concejala de Educaci\u00f3n y miembro del consejo escolar del centro ha recordado que el Ayuntamiento \u201cha estado en todo momento reclamando la delegaci\u00f3n de competencias, junto a la direcci\u00f3n y la AFA, para continuar las obras de &#8216;un Edificante que se quedaron a medias y que supone un peligro, adem\u00e1s de dificultar la convivencia y la calidad educativa que el alumnado se merece\u201d.<\/p>\n\n\n\n<p>Cabe recordar, que los trabajos se paralizaron porque la empresa constructora quebr\u00f3. As\u00ed, en agosto de 2022 se iniciaron las obras y en diciembre se detuvieron a solicitud de la empresa.<\/p>\n\n\n\n<p>En enero de 2023, el Ayuntamiento realiz\u00f3 obras de urgencia por m\u00e1s de 47.000 euros. Tras la resoluci\u00f3n del contrato con la empresa, el consistorio pidi\u00f3 un cambio en la delegaci\u00f3n de competencias concedida y aument\u00f3 su delegaci\u00f3n inicial en 610.000 euros. Es decir, pasando de m\u00e1s de 1 mill\u00f3n de euros a 1,6.En julio de 2023 el Pleno de Gandia aprob\u00f3 la propuesta y, desde entonces, est\u00e1 a la espera de que la conselleria publique la resoluci\u00f3n definitiva en el DOGV.<\/p>\n\n\n\n<p>Por otra parte, el pasado 30 de enero, el alcalde y la concejala de Educaci\u00f3n se reunieron con el director general de Infraestructuras educativas para transmitirle la preocupaci\u00f3n de la comunidad educativa con el estado de las obras.<\/p>\n\n\n\n<p>Por \u00faltimo, el 1 de marzo el alcalde remiti\u00f3 una carta oficial a la Conselleria de Educaci\u00f3n volviendo a transmitir el problema e incluyendo im\u00e1genes del centro. Por el momento, sin respuesta. Hoy mismo, desde el Ayuntamiento se volver\u00e1 a reiterar por escrito a la Conselleria la publicaci\u00f3n del documento en el DOGV para poder reanudar las obras lo antes posible. Adem\u00e1s, a la petici\u00f3n se adjuntar\u00e1 la nota de prensa emitida por la comunidad educativa. Ma\u00f1ana se pedir\u00e1 una visita urgente al Conseller de Educaci\u00f3n para tratar con \u00e9l a este y otros temas en materia educativa.<\/p>\n","protected":false},"excerpt":{"rendered":"<p>El gobierno de Gandia reitera a la Generalitat que desbloquee el dinero para poder reanudar las obras de mejora del CEIP Ro\u00eds de Corella.<\/p>\n","protected":false},"author":1,"featured_media":3194,"comment_status":"open","ping_status":"open","sticky":false,"template":"","format":"standard","meta":{"footnotes":""},"categories":[1],"tags":[],"class_list":["post-3209","post","type-post","status-publish","format-standard","has-post-thumbnail","hentry","category-actualidad"],"_links":{"self":[{"href":"https:\/\/infogandia.es\/index.php\/wp-json\/wp\/v2\/posts\/3209","targetHints":{"allow":["GET"]}}],"collection":[{"href":"https:\/\/infogandia.es\/index.php\/wp-json\/wp\/v2\/posts"}],"about":[{"href":"https:\/\/infogandia.es\/index.php\/wp-json\/wp\/v2\/types\/post"}],"author":[{"embeddable":true,"href":"https:\/\/infogandia.es\/index.php\/wp-json\/wp\/v2\/users\/1"}],"replies":[{"embeddable":true,"href":"https:\/\/infogandia.es\/index.php\/wp-json\/wp\/v2\/comments?post=3209"}],"version-history":[{"count":1,"href":"https:\/\/infogandia.es\/index.php\/wp-json\/wp\/v2\/posts\/3209\/revisions"}],"predecessor-version":[{"id":3210,"href":"https:\/\/infogandia.es\/index.php\/wp-json\/wp\/v2\/posts\/3209\/revisions\/3210"}],"wp:featuredmedia":[{"embeddable":true,"href":"https:\/\/infogandia.es\/index.php\/wp-json\/wp\/v2\/media\/3194"}],"wp:attachment":[{"href":"https:\/\/infogandia.es\/index.php\/wp-json\/wp\/v2\/media?parent=3209"}],"wp:term":[{"taxonomy":"category","embeddable":true,"href":"https:\/\/infogandia.es\/index.php\/wp-json\/wp\/v2\/categories?post=3209"},{"taxonomy":"post_tag","embeddable":true,"href":"https:\/\/infogandia.es\/index.php\/wp-json\/wp\/v2\/tags?post=3209"}],"curies":[{"name":"wp","href":"https:\/\/api.w.org\/{rel}","templated":true}]}}