{"id":3213,"date":"2024-03-07T16:09:25","date_gmt":"2024-03-07T16:09:25","guid":{"rendered":"https:\/\/infogandia.es\/?p=3213"},"modified":"2024-03-07T16:09:25","modified_gmt":"2024-03-07T16:09:25","slug":"gandia-se-convierte-este-fin-de-semana-en-epicentro-del-paralimpismo-promesa","status":"publish","type":"post","link":"https:\/\/infogandia.es\/index.php\/2024\/03\/07\/gandia-se-convierte-este-fin-de-semana-en-epicentro-del-paralimpismo-promesa\/","title":{"rendered":"Gandia se convierte este fin de semana en epicentro del Paralimpismo Promesa"},"content":{"rendered":"\n<p>El concejal delegado de Deportes, Jes\u00fas Naveiro; la presidenta del CC Garb\u00ed, Lourdes Vidal; y Ainhoa \u200b\u200bMart\u00ednez, seleccionadora de la Federaci\u00f3n paral\u00edmpica, presentaron hoy el Campeonato de Espa\u00f1a Liberty de Promesas Paral\u00edmpicas de Atletismo 2024.<\/p>\n\n\n\n<p>Naveiro ha destacado que atletas de todas Espa\u00f1a y sus familias estar\u00e1n en Gand\u00eda durante este fin de semana. &#8220;Es un evento pionero al que hemos apoyado porque nos da la oportunidad de visibilidad el apoyo al paralimpismo&#8221;. &#8220;Una vez m\u00e1s las federaciones nos eligen como sede para albergar un gran evento deportivo y nos colocan en el mapa nacional como un referente en el \u00e1mbito del deporte sea cual sea la modalidad que se practique&#8221;.<\/p>\n\n\n\n<p>El evento se celebrar\u00e1 el 9 y 10 de marzo en pista Toni Herreros y tendr\u00e1 varias modalidades de carrera que van desde los 50 a los 1.500 metros lisos, as\u00ed como una prueba de salto de longitud, otra de lanzamiento de peso y una \u00faltima de lanzamiento de jabalina.<\/p>\n\n\n\n<p>Lourdes Vidal ha declarado que &#8220;este evento nos permitir\u00e1 ver a los paral\u00edmpicos dentro de cuatro a\u00f1os. Es la tercera vez que, como club, organizamos un campeonato para paral\u00edmpicos que nos sirve tambi\u00e9n para potenciar la integraci\u00f3n desde la base&#8221; . &#8220;Espa\u00f1a es una potencia en este aspecto y son muchos los que nos copian para conseguir los grandes resultados que se obtienen en las competiciones internacionales&#8221;.<\/p>\n\n\n\n<p>Por lo que respecta a las categor\u00edas, se espera participantes de los grupos sub 10, sub 12, sub 14, sub 16, y sub 18, tanto masculinos como femeninos. &#8220;Este fin de semana acogeremos a m\u00e1s de 100 atletas de entre 9 y 17 a\u00f1os y, por tanto, tambi\u00e9n a sus familias. Adem\u00e1s, vendr\u00e1n de muchas partes de Espa\u00f1a, lo que beneficia a sectores de la ciudad como la hosteler\u00eda o el turismo&#8221;, ha se\u00f1alado Naveiro.<\/p>\n\n\n\n<p>En cuanto a los horarios, la competici\u00f3n empezar\u00e1 a las 10:30 horas del s\u00e1bado. A las 12:30 horas, se har\u00e1 entrega de las medallas de las pruebas disputadas durante la ma\u00f1ana. El torneo se reanudar\u00e1 a las 16.45 horas y terminar\u00e1 a las 19.15 horas. Sobre las 19.35 horas se anunciar\u00e1n los ganadores de la tarde.<\/p>\n\n\n\n<p>La tercera y \u00faltima parte del evento deportivo empezar\u00e1 el domingo a las 10.00 horas con una prueba de longitud de categor\u00eda sub 12 masculina. El d\u00eda finalizar\u00e1 a las 12 horas con la carrera de relevos y, finalmente, las medallas se entregar\u00e1n a las 12:20 horas.<\/p>\n\n\n\n<p>Mart\u00ednez ha destacado que todos los participantes han tenido que obtener una m\u00ednima para poder participar en este encuentro. &#8220;El encuentro es puntuable y permitir\u00e1 conseguir las marcas necesarias para ir al Campeonato de Espa\u00f1a Absoluto y qui\u00e9n sabe si alguna para el mundial&#8221;.<\/p>\n\n\n\n<p>Por \u00faltimo, tanto Mart\u00ednez como Vidal han agradecido el apoyo que el Ayuntamiento ha dado a esta iniciativa.<\/p>\n","protected":false},"excerpt":{"rendered":"<p>Gandia se convierte este fin de semana en epicentro del Paralimpismo Promesa.<\/p>\n","protected":false},"author":1,"featured_media":3196,"comment_status":"open","ping_status":"open","sticky":false,"template":"","format":"standard","meta":{"footnotes":""},"categories":[1,27],"tags":[],"class_list":["post-3213","post","type-post","status-publish","format-standard","has-post-thumbnail","hentry","category-actualidad","category-sociedad"],"_links":{"self":[{"href":"https:\/\/infogandia.es\/index.php\/wp-json\/wp\/v2\/posts\/3213","targetHints":{"allow":["GET"]}}],"collection":[{"href":"https:\/\/infogandia.es\/index.php\/wp-json\/wp\/v2\/posts"}],"about":[{"href":"https:\/\/infogandia.es\/index.php\/wp-json\/wp\/v2\/types\/post"}],"author":[{"embeddable":true,"href":"https:\/\/infogandia.es\/index.php\/wp-json\/wp\/v2\/users\/1"}],"replies":[{"embeddable":true,"href":"https:\/\/infogandia.es\/index.php\/wp-json\/wp\/v2\/comments?post=3213"}],"version-history":[{"count":1,"href":"https:\/\/infogandia.es\/index.php\/wp-json\/wp\/v2\/posts\/3213\/revisions"}],"predecessor-version":[{"id":3214,"href":"https:\/\/infogandia.es\/index.php\/wp-json\/wp\/v2\/posts\/3213\/revisions\/3214"}],"wp:featuredmedia":[{"embeddable":true,"href":"https:\/\/infogandia.es\/index.php\/wp-json\/wp\/v2\/media\/3196"}],"wp:attachment":[{"href":"https:\/\/infogandia.es\/index.php\/wp-json\/wp\/v2\/media?parent=3213"}],"wp:term":[{"taxonomy":"category","embeddable":true,"href":"https:\/\/infogandia.es\/index.php\/wp-json\/wp\/v2\/categories?post=3213"},{"taxonomy":"post_tag","embeddable":true,"href":"https:\/\/infogandia.es\/index.php\/wp-json\/wp\/v2\/tags?post=3213"}],"curies":[{"name":"wp","href":"https:\/\/api.w.org\/{rel}","templated":true}]}}