{"id":3229,"date":"2024-03-09T11:21:11","date_gmt":"2024-03-09T11:21:11","guid":{"rendered":"https:\/\/infogandia.es\/?p=3229"},"modified":"2024-03-09T11:21:11","modified_gmt":"2024-03-09T11:21:11","slug":"gandia-sera-el-centro-neuralgico-del-voley-playa-este-fin-de-semana","status":"publish","type":"post","link":"https:\/\/infogandia.es\/index.php\/2024\/03\/09\/gandia-sera-el-centro-neuralgico-del-voley-playa-este-fin-de-semana\/","title":{"rendered":"Gandia ser\u00e1 el centro neur\u00e1lgico del Voley Playa este fin de semana"},"content":{"rendered":"\n<p>El concejal delegado de Deportes, Jes\u00fas Naveiro; el presidente de la Federaci\u00f3n de Voley de la Comunidad Valenciana (FVBCV), Arturo Ruiz; el vicepresidente y entrenador del Club de Voley Gandia, David Mart\u00ed y la directora t\u00e9cnica de la federaci\u00f3n, Nuria Pla, han presentado esta ma\u00f1ana la quinta y pen\u00faltima prueba del Circuito de Invierno de Voley Playa de la Comunidad Valenciana y Open Gandia, que se disputar\u00e1 este fin de semana en la playa de Gandia.<\/p>\n\n\n\n<p>El s\u00e1bado, en la arena de la playa (a la altura de Cruz Roja y calle Islas Canarias), tendr\u00e1 lugar la quinta prueba del Circuito de Invierno amateur, escolar y federal.<br>Y el domingo, desde las 9 h de la ma\u00f1ana, la quinta prueba del Circuito de Invierno de Voley Playa de la CV profesional, puntuable para el ranking nacional. La primera fase ser\u00e1 clasificatoria por equipos de parejas distribuidas en grupos. Y a partir de ah\u00ed, la segunda fase ser\u00e1 eliminatoria. Se prev\u00e9 que la final se juegue en torno a las 15.30 h.<\/p>\n\n\n\n<p>&#8220;Esperamos acoger a alrededor de 300 jugadores y jugadoras a lo largo del fin de semana. Gandia se convierte un a\u00f1o m\u00e1s en el centro neur\u00e1lgico de este deporte y re\u00fane a los mejores deportistas que ofrecer\u00e1n todo un espect\u00e1culo en nuestra playa&#8221;, ha comentado. Naveiro, quien ha destacado la capacidad de albergar eventos deportivos competiciones de la ciudad. &#8220;Todas las semanas nos llegan peticiones de clubes, Federaciones y empresas que han pensado en nosotros como sede para sus pruebas. Estamos en el buen camino. El binomio deporte turismo cada vez est\u00e1 aportando mayores rendimientos y desde el departamento de Deportes trabajaremos para seguir consiguiendo eventos que nos reverencien como la ciudad deportiva y saludable que somos&#8221;.<\/p>\n\n\n\n<p>Como ha explicado Mart\u00ed, desde el club de Voley Gandia se ha querido apoyar la participaci\u00f3n de las bases\u201d y el s\u00e1bado por la ma\u00f1ana creo que habr\u00e1 una asistencia muy importante de todos los ni\u00f1os y ni\u00f1as que hacen voley. vaya implant\u00e1ndose en un futuro&#8221;.<\/p>\n\n\n\n<p>Por su parte, Ruiz explic\u00f3 que esta competici\u00f3n, organizada por la Federaci\u00f3n, es decisiva para el Circuit, puesto que la siguiente ser\u00e1 la fase final, que se disputar\u00e1 en Alicante. &#8220;Queremos que Gandia sea una sede permanente en la Comunitat Valenciana. El nivel ser\u00e1 muy alto. Vendr\u00e1n jugadores y jugadoras de primer nivel internacional y estatal, incluso de la selecci\u00f3n espa\u00f1ola&#8221;.<\/p>\n\n\n\n<p>Caracter\u00edsticas t\u00e9cnicas<\/p>\n\n\n\n<p>El s\u00e1bado estar\u00e1 dedicado a los escolares de la ciudad y ni\u00f1os del club. Hay 194 menores apuntados hasta ahora de 8 entidades distintas. En dos turnos, uno primero de 9 a 11 hy otro de 11.30 ha 14.00 h. &#8220;Lo que har\u00e1n ser\u00e1 una promoci\u00f3n del deporte y recibir\u00e1n un obsequio por la participaci\u00f3n&#8221;, ha explicado Pla. Por su parte, la competici\u00f3n amateur se iniciar\u00e1 de 9 a 16:30 h.<\/p>\n\n\n\n<p>El plato fuerte ser\u00e1 la competici\u00f3n federada de la jornada del domingo, para la que ha habido lista de espera en competici\u00f3n masculina. En total, 96 deportistas que llegan de todas partes del Estado: Canarias; Catalu\u00f1a; Madrid; jugadoras de la selecci\u00f3n espa\u00f1ola sub-21 de Lorca; dos parejas de la selecci\u00f3n de Hungr\u00eda que entran por la zona. &#8220;El nivel es muy alto y esperamos que sea atractivo para el p\u00fablico&#8221;.<\/p>\n\n\n\n<p>Por \u00faltimo, la organizaci\u00f3n ha agradecido al Ayuntamiento de Gandia su apoyo en esta pen\u00faltima prueba del Circuit y han invitado a la ciudadan\u00eda a asistir a la competici\u00f3n y disfrutar&nbsp;del&nbsp;deporte.<\/p>\n","protected":false},"excerpt":{"rendered":"<p>Gandia ser\u00e1 el centro neur\u00e1lgico del Voley Playa este fin de semana.<\/p>\n","protected":false},"author":1,"featured_media":3227,"comment_status":"open","ping_status":"open","sticky":false,"template":"","format":"standard","meta":{"footnotes":""},"categories":[1,4],"tags":[],"class_list":["post-3229","post","type-post","status-publish","format-standard","has-post-thumbnail","hentry","category-actualidad","category-deporte"],"_links":{"self":[{"href":"https:\/\/infogandia.es\/index.php\/wp-json\/wp\/v2\/posts\/3229","targetHints":{"allow":["GET"]}}],"collection":[{"href":"https:\/\/infogandia.es\/index.php\/wp-json\/wp\/v2\/posts"}],"about":[{"href":"https:\/\/infogandia.es\/index.php\/wp-json\/wp\/v2\/types\/post"}],"author":[{"embeddable":true,"href":"https:\/\/infogandia.es\/index.php\/wp-json\/wp\/v2\/users\/1"}],"replies":[{"embeddable":true,"href":"https:\/\/infogandia.es\/index.php\/wp-json\/wp\/v2\/comments?post=3229"}],"version-history":[{"count":1,"href":"https:\/\/infogandia.es\/index.php\/wp-json\/wp\/v2\/posts\/3229\/revisions"}],"predecessor-version":[{"id":3230,"href":"https:\/\/infogandia.es\/index.php\/wp-json\/wp\/v2\/posts\/3229\/revisions\/3230"}],"wp:featuredmedia":[{"embeddable":true,"href":"https:\/\/infogandia.es\/index.php\/wp-json\/wp\/v2\/media\/3227"}],"wp:attachment":[{"href":"https:\/\/infogandia.es\/index.php\/wp-json\/wp\/v2\/media?parent=3229"}],"wp:term":[{"taxonomy":"category","embeddable":true,"href":"https:\/\/infogandia.es\/index.php\/wp-json\/wp\/v2\/categories?post=3229"},{"taxonomy":"post_tag","embeddable":true,"href":"https:\/\/infogandia.es\/index.php\/wp-json\/wp\/v2\/tags?post=3229"}],"curies":[{"name":"wp","href":"https:\/\/api.w.org\/{rel}","templated":true}]}}