{"id":3245,"date":"2024-03-11T19:43:46","date_gmt":"2024-03-11T19:43:46","guid":{"rendered":"https:\/\/infogandia.es\/?p=3245"},"modified":"2024-03-11T19:43:47","modified_gmt":"2024-03-11T19:43:47","slug":"las-obras-de-mejora-de-la-calle-navegant-de-la-playa-de-gandia-finalizan-con-una-inversion-de-184-000-euros","status":"publish","type":"post","link":"https:\/\/infogandia.es\/index.php\/2024\/03\/11\/las-obras-de-mejora-de-la-calle-navegant-de-la-playa-de-gandia-finalizan-con-una-inversion-de-184-000-euros\/","title":{"rendered":"Las obras de mejora de la calle Navegant de la playa de Gandia finalizan con una inversi\u00f3n de 184.000 euros"},"content":{"rendered":"\n<p>El alcalde de Gand\u00eda, Jos\u00e9 Manuel Prieto, acompa\u00f1ado por los concejales Balbina Sendra y Jes\u00fas Naveiro, han visitado esta ma\u00f1ana el tramo de la calle Navegant comprendido entre las calles Legazpi y Mallorca que recientemente han sido reurbanizadas.<\/p>\n\n\n\n<p>La actuaci\u00f3n se enmarca dentro del Plan de Humanizaci\u00f3n de Plazas y Calles y ha contado con un presupuesto de 183.888,93 \u20ac, que han permitido la ampliaci\u00f3n de la plataforma peatonal, adem\u00e1s de instalar nuevas canalizaciones de alumbrado. Tambi\u00e9n se ha plantado nuevo arbolado e instalado sistemas de riego por goteo y se ha procedido a colocar nuevos bancos, papeleras y bolardos para evitar la invasi\u00f3n del \u00e1rea peatonal por los veh\u00edculos.<\/p>\n\n\n\n<p>Tras la visita, el alcalde se ha mostrado satisfecho afirmando que la actuaci\u00f3n transforma este vial al aplicarle &#8220;el modelo de calle que implantamos en toda la ciudad. Calles accesibles, m\u00e1s confortables y seguras peatonales y con zonas de sombra para mitigar los efectos del cambio clim\u00e1tico\u201d.<\/p>\n\n\n\n<p>Prieto tambi\u00e9n record\u00f3 que entre \u00e9sta y la actuaci\u00f3n anterior realizada en la calle Juan de Juanes se ha realizado una inversi\u00f3n superior a los 350.000 euros, y que la intenci\u00f3n del ejecutivo es finalizar los proyectos de las pr\u00f3ximas actuaciones para que sean aprobados en Junta de Gobierno en breve. &#8220;Queremos que cada d\u00eda la ciudad est\u00e9 mejor preparada y cuente con m\u00e1s espacios para ser vividos y disfrutados por todos&#8221;,&nbsp;ha&nbsp;finalizado.<\/p>\n","protected":false},"excerpt":{"rendered":"<p>El alcalde de Gand\u00eda, Jos\u00e9 Manuel Prieto, acompa\u00f1ado por los concejales Balbina Sendra y Jes\u00fas Naveiro, han visitado esta ma\u00f1ana el tramo de la calle Navegant comprendido entre las calles Legazpi y Mallorca que recientemente han sido reurbanizadas. La actuaci\u00f3n se enmarca dentro del Plan de Humanizaci\u00f3n de Plazas y Calles y ha contado con&#8230;<\/p>\n","protected":false},"author":1,"featured_media":3237,"comment_status":"open","ping_status":"open","sticky":false,"template":"","format":"standard","meta":{"footnotes":""},"categories":[1,3,27],"tags":[],"class_list":["post-3245","post","type-post","status-publish","format-standard","has-post-thumbnail","hentry","category-actualidad","category-politica","category-sociedad"],"_links":{"self":[{"href":"https:\/\/infogandia.es\/index.php\/wp-json\/wp\/v2\/posts\/3245","targetHints":{"allow":["GET"]}}],"collection":[{"href":"https:\/\/infogandia.es\/index.php\/wp-json\/wp\/v2\/posts"}],"about":[{"href":"https:\/\/infogandia.es\/index.php\/wp-json\/wp\/v2\/types\/post"}],"author":[{"embeddable":true,"href":"https:\/\/infogandia.es\/index.php\/wp-json\/wp\/v2\/users\/1"}],"replies":[{"embeddable":true,"href":"https:\/\/infogandia.es\/index.php\/wp-json\/wp\/v2\/comments?post=3245"}],"version-history":[{"count":1,"href":"https:\/\/infogandia.es\/index.php\/wp-json\/wp\/v2\/posts\/3245\/revisions"}],"predecessor-version":[{"id":3246,"href":"https:\/\/infogandia.es\/index.php\/wp-json\/wp\/v2\/posts\/3245\/revisions\/3246"}],"wp:featuredmedia":[{"embeddable":true,"href":"https:\/\/infogandia.es\/index.php\/wp-json\/wp\/v2\/media\/3237"}],"wp:attachment":[{"href":"https:\/\/infogandia.es\/index.php\/wp-json\/wp\/v2\/media?parent=3245"}],"wp:term":[{"taxonomy":"category","embeddable":true,"href":"https:\/\/infogandia.es\/index.php\/wp-json\/wp\/v2\/categories?post=3245"},{"taxonomy":"post_tag","embeddable":true,"href":"https:\/\/infogandia.es\/index.php\/wp-json\/wp\/v2\/tags?post=3245"}],"curies":[{"name":"wp","href":"https:\/\/api.w.org\/{rel}","templated":true}]}}