{"id":3249,"date":"2024-03-11T19:44:33","date_gmt":"2024-03-11T19:44:33","guid":{"rendered":"https:\/\/infogandia.es\/?p=3249"},"modified":"2024-03-11T19:44:33","modified_gmt":"2024-03-11T19:44:33","slug":"los-entrenamientos-gratuitos-de-la-cursa-de-la-dona-vicky-foods-de-gandia-ya-han-empezado","status":"publish","type":"post","link":"https:\/\/infogandia.es\/index.php\/2024\/03\/11\/los-entrenamientos-gratuitos-de-la-cursa-de-la-dona-vicky-foods-de-gandia-ya-han-empezado\/","title":{"rendered":"Los entrenamientos gratuitos de la Cursa de la Dona Vicky Foods de Gandia ya han empezado"},"content":{"rendered":"\n<p>Al evento tambi\u00e9n se sum\u00f3 el departamento de Igualtat Gandia, al coincidir con los actos del 8M, montando un punto de sensibilizaci\u00f3n y repartiendo un detalle, una botella de aluminio, por parte de miembros del Consells dels Joves de Gandia, para todas las asistentes. Estuvieron presentes en este pistoletazo de salida hacia la Cursa la concejala Maribel Codina y el presidente del CA Safor Teika, Vicent Bosc\u00e0.<br>\u00a0<br>Estos entrenamientos est\u00e1n dirigidos a mujeres de cualquier edad y condici\u00f3n f\u00edsica. Se ofrece avituallamiento l\u00edquido y s\u00f3lido en cada uno de ellos y se regalan camisetas t\u00e9cnicas a todas las participantes. No es necesario inscripci\u00f3n previa, tan s\u00f3lo acudir al lugar. El calendario est\u00e1 disponible en la p\u00e1gina web y en los perfiles de las redes sociales. \u00a0<br>\u00a0<br>La mayor\u00eda ser\u00e1 en Gandia a cargo de distintos profesionales del deporte, a las 10 de la ma\u00f1ana. El viernes, 15 de marzo, ser\u00e1 el tradicional \u201centrenamiento fallero\u201d. un recorrido para ver las fallas que ya est\u00e9n plantadas, con salida en la plaza del Prado y final en la plaza Major, para acabar con una recepci\u00f3n en el ayuntamiento y un almuerzo saludable.<br>\u00a0<br>El domingo 17 de marzo volver\u00e1 al parque Joan Fuster y el siguiente domingo, el 24, ser\u00e1 en Benirredr\u00e0, con la colaboraci\u00f3n del ayuntamiento de esta localidad. El 31 de marzo regresa al barrio de Corea y el 7 de abril habr\u00e1 otro en las instalaciones de Vicky Foods en Gandia, con obsequio por parte de la empresa para las participantes. El \u00faltimo ser\u00e1 el 14 de abril en Gandia.<br>\u00a0<br>Inscripciones abiertas<\/p>\n\n\n\n<p>La XV Cursa de la Dona Vicky Foods se celebrar\u00e1 en Gandia y Benirredr\u00e0 el pr\u00f3ximo domingo, 21 de abril, con salida a las 10:30 horas desde la avenida de Les Esclaves y en un circuito urbano de 5,9 km. Est\u00e1 organizada por el CA Safor Teika y cuenta con la colaboraci\u00f3n de ambos ayuntamientos, adem\u00e1s de diversas asociaciones, como la de vecinos de Benipeixcar, entidades deportivas y entidades patrocinadoras, como la Fundaci\u00f3n Vicky Foods. Las inscripciones siguen abiertas en la web oficial y en los puntos f\u00edsicos de las entidades&nbsp;colaboradoras.<\/p>\n","protected":false},"excerpt":{"rendered":"<p>Al evento tambi\u00e9n se sum\u00f3 el departamento de Igualtat Gandia, al coincidir con los actos del 8M, montando un punto de sensibilizaci\u00f3n y repartiendo un detalle, una botella de aluminio, por parte de miembros del Consells dels Joves de Gandia, para todas las asistentes. Estuvieron presentes en este pistoletazo de salida hacia la Cursa la&#8230;<\/p>\n","protected":false},"author":1,"featured_media":3239,"comment_status":"open","ping_status":"open","sticky":false,"template":"","format":"standard","meta":{"footnotes":""},"categories":[1,4,27],"tags":[],"class_list":["post-3249","post","type-post","status-publish","format-standard","has-post-thumbnail","hentry","category-actualidad","category-deporte","category-sociedad"],"_links":{"self":[{"href":"https:\/\/infogandia.es\/index.php\/wp-json\/wp\/v2\/posts\/3249","targetHints":{"allow":["GET"]}}],"collection":[{"href":"https:\/\/infogandia.es\/index.php\/wp-json\/wp\/v2\/posts"}],"about":[{"href":"https:\/\/infogandia.es\/index.php\/wp-json\/wp\/v2\/types\/post"}],"author":[{"embeddable":true,"href":"https:\/\/infogandia.es\/index.php\/wp-json\/wp\/v2\/users\/1"}],"replies":[{"embeddable":true,"href":"https:\/\/infogandia.es\/index.php\/wp-json\/wp\/v2\/comments?post=3249"}],"version-history":[{"count":1,"href":"https:\/\/infogandia.es\/index.php\/wp-json\/wp\/v2\/posts\/3249\/revisions"}],"predecessor-version":[{"id":3250,"href":"https:\/\/infogandia.es\/index.php\/wp-json\/wp\/v2\/posts\/3249\/revisions\/3250"}],"wp:featuredmedia":[{"embeddable":true,"href":"https:\/\/infogandia.es\/index.php\/wp-json\/wp\/v2\/media\/3239"}],"wp:attachment":[{"href":"https:\/\/infogandia.es\/index.php\/wp-json\/wp\/v2\/media?parent=3249"}],"wp:term":[{"taxonomy":"category","embeddable":true,"href":"https:\/\/infogandia.es\/index.php\/wp-json\/wp\/v2\/categories?post=3249"},{"taxonomy":"post_tag","embeddable":true,"href":"https:\/\/infogandia.es\/index.php\/wp-json\/wp\/v2\/tags?post=3249"}],"curies":[{"name":"wp","href":"https:\/\/api.w.org\/{rel}","templated":true}]}}