{"id":3300,"date":"2024-03-13T16:38:41","date_gmt":"2024-03-13T16:38:41","guid":{"rendered":"https:\/\/infogandia.es\/?p=3300"},"modified":"2024-03-13T16:38:41","modified_gmt":"2024-03-13T16:38:41","slug":"un-incendio-de-un-canar-en-el-grau-de-gandia","status":"publish","type":"post","link":"https:\/\/infogandia.es\/index.php\/2024\/03\/13\/un-incendio-de-un-canar-en-el-grau-de-gandia\/","title":{"rendered":"Un incendio de un ca\u00f1ar en el Grau de Gandia"},"content":{"rendered":"\n<p><br>Un incendio de considerable magnitud ha sido avistado desde varios puntos de la ciudad, ubic\u00e1ndose en la zona del marjal de Gandia. Seg\u00fan fuentes del Consorcio Provincial de Bomberos de Val\u00e8ncia, el fuego se ha desatado alrededor de las 14:03 horas, afectando a un ca\u00f1ar cercano al Cam\u00ed de la Partida Redona, en el Grau de Gandia.<\/p>\n\n\n\n<p>Ante esta emergencia, se han desplegado tres dotaciones de Bomberos, pertenecientes a los parques de Gandia y Oliva, adem\u00e1s de un sargento del parque central de la Zona 4. La r\u00e1pida movilizaci\u00f3n de los equipos de emergencia es fundamental en este tipo de situaciones para contener y extinguir el fuego lo antes posible, evitando as\u00ed mayores da\u00f1os y riesgos para la zona y sus alrededores.<\/p>\n\n\n\n<p>En estos momentos, el foco del incendio sigue activo, y los bomberos trabajan arduamente para controlar y extinguir las llamas. La visibilidad del humo desde varios puntos de la ciudad ha generado cierta alarma entre los residentes, que observan con preocupaci\u00f3n el avance de las llamas en el marjal.<\/p>\n\n\n\n<p>Por su parte, las autoridades locales est\u00e1n supervisando la situaci\u00f3n de cerca, coordinando los esfuerzos para garantizar la seguridad de la zona y de los ciudadanos. Se espera que en las pr\u00f3ximas horas se puedan tener m\u00e1s detalles sobre la evoluci\u00f3n del incendio y las medidas que se est\u00e1n tomando para controlarlo.<\/p>\n","protected":false},"excerpt":{"rendered":"<p>Un incendio de considerable magnitud ha sido avistado desde varios puntos de la ciudad, ubic\u00e1ndose en la zona del marjal de Gandia. Seg\u00fan fuentes del Consorcio Provincial de Bomberos de Val\u00e8ncia, el fuego se ha desatado alrededor de las 14:03 horas, afectando a un ca\u00f1ar cercano al Cam\u00ed de la Partida Redona, en el Grau&#8230;<\/p>\n","protected":false},"author":1,"featured_media":3301,"comment_status":"open","ping_status":"open","sticky":false,"template":"","format":"standard","meta":{"footnotes":""},"categories":[1,27],"tags":[],"class_list":["post-3300","post","type-post","status-publish","format-standard","has-post-thumbnail","hentry","category-actualidad","category-sociedad"],"_links":{"self":[{"href":"https:\/\/infogandia.es\/index.php\/wp-json\/wp\/v2\/posts\/3300","targetHints":{"allow":["GET"]}}],"collection":[{"href":"https:\/\/infogandia.es\/index.php\/wp-json\/wp\/v2\/posts"}],"about":[{"href":"https:\/\/infogandia.es\/index.php\/wp-json\/wp\/v2\/types\/post"}],"author":[{"embeddable":true,"href":"https:\/\/infogandia.es\/index.php\/wp-json\/wp\/v2\/users\/1"}],"replies":[{"embeddable":true,"href":"https:\/\/infogandia.es\/index.php\/wp-json\/wp\/v2\/comments?post=3300"}],"version-history":[{"count":1,"href":"https:\/\/infogandia.es\/index.php\/wp-json\/wp\/v2\/posts\/3300\/revisions"}],"predecessor-version":[{"id":3302,"href":"https:\/\/infogandia.es\/index.php\/wp-json\/wp\/v2\/posts\/3300\/revisions\/3302"}],"wp:featuredmedia":[{"embeddable":true,"href":"https:\/\/infogandia.es\/index.php\/wp-json\/wp\/v2\/media\/3301"}],"wp:attachment":[{"href":"https:\/\/infogandia.es\/index.php\/wp-json\/wp\/v2\/media?parent=3300"}],"wp:term":[{"taxonomy":"category","embeddable":true,"href":"https:\/\/infogandia.es\/index.php\/wp-json\/wp\/v2\/categories?post=3300"},{"taxonomy":"post_tag","embeddable":true,"href":"https:\/\/infogandia.es\/index.php\/wp-json\/wp\/v2\/tags?post=3300"}],"curies":[{"name":"wp","href":"https:\/\/api.w.org\/{rel}","templated":true}]}}