{"id":3312,"date":"2024-03-22T15:53:08","date_gmt":"2024-03-22T15:53:08","guid":{"rendered":"https:\/\/infogandia.es\/?p=3312"},"modified":"2024-03-22T15:53:08","modified_gmt":"2024-03-22T15:53:08","slug":"llega-a-gandia-una-nueva-edicion-de-la-muestra-artesanal-de-mones-i-panous","status":"publish","type":"post","link":"https:\/\/infogandia.es\/index.php\/2024\/03\/22\/llega-a-gandia-una-nueva-edicion-de-la-muestra-artesanal-de-mones-i-panous\/","title":{"rendered":"Llega a Gandia una nueva edici\u00f3n de la &#8216;Muestra Artesanal de Mones i Panous&#8217;"},"content":{"rendered":"\n<p>La concejala de Pol\u00edticas Econ\u00f3micas y Comercio, Elena Moncho; el presidente de la Asociaci\u00f3n de Pasteleros y Panaderos de Gandia, Miguel Rosell\u00f3 y su tesorero, Ra\u00fcl Llopis, han presentado esta ma\u00f1ana una nueva edici\u00f3n de la ya tradicional &#8216;Muestra Artesanal de Mones i Panous&#8217;.<\/p>\n\n\n\n<p>As\u00ed, del 25 al 28 de marzo la gente podr\u00e1 acercarse al paseo de las Germanies (delante de la Casa de Cultura), para comprar y degustar estos productos tan t\u00edpicos del territorio valenciano, que tendr\u00e1n un precio de m\u00ednimo 2 euros.<\/p>\n\n\n\n<p>La iniciativa tiene como objetivo reivindicar el valor cultural y gastron\u00f3mico de la pasteler\u00eda artesanal de la ciudad y, tal y como ha explicado Moncho, todos los beneficios de este a\u00f1o ir\u00e1n destinados al preventorio infantil.<\/p>\n\n\n\n<p>Adem\u00e1s, los ni\u00f1os y ni\u00f1as de la localidad podr\u00e1n participar en un taller en el que les ense\u00f1ar\u00e1n a hacer monas. Esta actividad, que ser\u00e1 gratuita, tendr\u00e1 lugar los d\u00edas 25, 26 y 27 de 17 a 20 horas.<\/p>\n\n\n\n<p>&#8220;Queremos agradecer, una vez m\u00e1s, el esfuerzo que hace el Ayuntamiento para que podamos mostrar el trabajo que llevamos a cabo cada d\u00eda en una ubicaci\u00f3n inmejorable&#8221;, ha se\u00f1alado Llopis.<\/p>\n\n\n\n<p>Por su parte, Rosell\u00f3 ha afirmado que &#8220;los pasteleros de la ciudad elaboramos nuestros dulces con productos frescos y de calidad, por lo que esta iniciativa permite que la gente lo compruebe&#8221;.<\/p>\n\n\n\n<p>Por \u00faltimo, el edil ha invitado a toda la ciudadan\u00eda a disfrutar, tanto de la muestra como de los talleres, ya apostar \u00abpor los comercios locales, en este caso hornos, que existen en la ciudad\u00bb.<\/p>\n","protected":false},"excerpt":{"rendered":"<p>Llega a Gandia una nueva edici\u00f3n de la &#8216;Muestra Artesanal de Mones i Panous&#8217;.<\/p>\n","protected":false},"author":1,"featured_media":3313,"comment_status":"open","ping_status":"open","sticky":false,"template":"","format":"standard","meta":{"footnotes":""},"categories":[1,27],"tags":[],"class_list":["post-3312","post","type-post","status-publish","format-standard","has-post-thumbnail","hentry","category-actualidad","category-sociedad"],"_links":{"self":[{"href":"https:\/\/infogandia.es\/index.php\/wp-json\/wp\/v2\/posts\/3312","targetHints":{"allow":["GET"]}}],"collection":[{"href":"https:\/\/infogandia.es\/index.php\/wp-json\/wp\/v2\/posts"}],"about":[{"href":"https:\/\/infogandia.es\/index.php\/wp-json\/wp\/v2\/types\/post"}],"author":[{"embeddable":true,"href":"https:\/\/infogandia.es\/index.php\/wp-json\/wp\/v2\/users\/1"}],"replies":[{"embeddable":true,"href":"https:\/\/infogandia.es\/index.php\/wp-json\/wp\/v2\/comments?post=3312"}],"version-history":[{"count":1,"href":"https:\/\/infogandia.es\/index.php\/wp-json\/wp\/v2\/posts\/3312\/revisions"}],"predecessor-version":[{"id":3319,"href":"https:\/\/infogandia.es\/index.php\/wp-json\/wp\/v2\/posts\/3312\/revisions\/3319"}],"wp:featuredmedia":[{"embeddable":true,"href":"https:\/\/infogandia.es\/index.php\/wp-json\/wp\/v2\/media\/3313"}],"wp:attachment":[{"href":"https:\/\/infogandia.es\/index.php\/wp-json\/wp\/v2\/media?parent=3312"}],"wp:term":[{"taxonomy":"category","embeddable":true,"href":"https:\/\/infogandia.es\/index.php\/wp-json\/wp\/v2\/categories?post=3312"},{"taxonomy":"post_tag","embeddable":true,"href":"https:\/\/infogandia.es\/index.php\/wp-json\/wp\/v2\/tags?post=3312"}],"curies":[{"name":"wp","href":"https:\/\/api.w.org\/{rel}","templated":true}]}}