{"id":3323,"date":"2024-03-22T15:53:39","date_gmt":"2024-03-22T15:53:39","guid":{"rendered":"https:\/\/infogandia.es\/?p=3323"},"modified":"2024-03-22T15:53:40","modified_gmt":"2024-03-22T15:53:40","slug":"el-consejo-de-los-jovenes-de-gandia-celebra-el-dia-mundial-de-la-poesia-con-un-recital-en-la-casa-de-la-marquesa","status":"publish","type":"post","link":"https:\/\/infogandia.es\/index.php\/2024\/03\/22\/el-consejo-de-los-jovenes-de-gandia-celebra-el-dia-mundial-de-la-poesia-con-un-recital-en-la-casa-de-la-marquesa\/","title":{"rendered":"El Consejo de los J\u00f3venes de Gand\u00eda celebra el D\u00eda Mundial de la Poes\u00eda con un recital en la Casa de la Marquesa"},"content":{"rendered":"\n<p>La concejala delegada de Juventud, Inma Rodr\u00edguez; el presidente del Consejo de los J\u00f3venes (CJG), Adri\u00e0 Ordines y su vicepresidenta, Sara Olivas, comparecieron hoy en rueda de prensa para informar que el CJG celebrar\u00e1 el D\u00eda Mundial de la Poes\u00eda con un recital que tendr\u00e1 lugar este s\u00e1bado, 23 de marzo.<\/p>\n\n\n\n<p>El evento, organizado en colaboraci\u00f3n con Safor\u00edssims, Sociedad literaria, ser\u00e1 a las 19 horas en la sala B de la Casa de la Marquesa y promete ser una experiencia enriquecedora para todos y todas los amantes de la poes\u00eda y la expresi\u00f3n art\u00edstica.<\/p>\n\n\n\n<p>En esta ocasi\u00f3n, se contar\u00e1 con la participaci\u00f3n de Mario Miret, Irene Castell\u00f3, Serena Mart\u00ednez, Carlos Llopis, Gabriella Nuru, Daneil Dom\u00e9nech, Sara Olivas, Julia Vela y Ver\u00f3nica P\u00e9rez.<\/p>\n\n\n\n<p>&#8220;Son nueve talentosos y talentosas poetas j\u00f3venes de la Safor, Valencia y sus alrededores, que compartir\u00e1n sus creaciones en valenciano y castellano con los asistentes&#8221;, ha se\u00f1alado la vicepresidenta del Consell.<\/p>\n\n\n\n<p>\u00abSe trata de un encuentro que, no s\u00f3lo busca celebrar la belleza y profundidad de la poes\u00eda, sino tambi\u00e9n fomentar el talento joven y emergente de la Safor. Adem\u00e1s, es una oportunidad para secundar y dar visibilidad a los j\u00f3venes poetas que est\u00e1n enriqueciendo el panorama cultural con su creatividad y sensibilidad\u00bb, ha declarado Rodr\u00edguez.<\/p>\n\n\n\n<p>Por su parte, Ordines ha agradecido el apoyo recibido por parte de los departamentos de Juventud y Cultura, y ha comentado que \u201cse trata de una iniciativa que, tanto el Consell como Safor\u00edssims, creen necesaria para acercar este tipo de texto al p\u00fablico joven\u00bb.<\/p>\n\n\n\n<p>&#8220;Sabemos que es un g\u00e9nero que no suele atraer a las personas de nuestra edad, pero intentaremos hacer un acto ameno en el que las personas asistentes descubran todo lo que puede aportar la poes\u00eda&#8221;, ha finalizado.<\/p>\n","protected":false},"excerpt":{"rendered":"<p>El Consejo de los J\u00f3venes de Gand\u00eda celebra el D\u00eda Mundial de la Poes\u00eda con un recital en la Casa de la Marquesa.<\/p>\n","protected":false},"author":1,"featured_media":3314,"comment_status":"open","ping_status":"open","sticky":false,"template":"","format":"standard","meta":{"footnotes":""},"categories":[1,5,27],"tags":[],"class_list":["post-3323","post","type-post","status-publish","format-standard","has-post-thumbnail","hentry","category-actualidad","category-educacion","category-sociedad"],"_links":{"self":[{"href":"https:\/\/infogandia.es\/index.php\/wp-json\/wp\/v2\/posts\/3323","targetHints":{"allow":["GET"]}}],"collection":[{"href":"https:\/\/infogandia.es\/index.php\/wp-json\/wp\/v2\/posts"}],"about":[{"href":"https:\/\/infogandia.es\/index.php\/wp-json\/wp\/v2\/types\/post"}],"author":[{"embeddable":true,"href":"https:\/\/infogandia.es\/index.php\/wp-json\/wp\/v2\/users\/1"}],"replies":[{"embeddable":true,"href":"https:\/\/infogandia.es\/index.php\/wp-json\/wp\/v2\/comments?post=3323"}],"version-history":[{"count":1,"href":"https:\/\/infogandia.es\/index.php\/wp-json\/wp\/v2\/posts\/3323\/revisions"}],"predecessor-version":[{"id":3324,"href":"https:\/\/infogandia.es\/index.php\/wp-json\/wp\/v2\/posts\/3323\/revisions\/3324"}],"wp:featuredmedia":[{"embeddable":true,"href":"https:\/\/infogandia.es\/index.php\/wp-json\/wp\/v2\/media\/3314"}],"wp:attachment":[{"href":"https:\/\/infogandia.es\/index.php\/wp-json\/wp\/v2\/media?parent=3323"}],"wp:term":[{"taxonomy":"category","embeddable":true,"href":"https:\/\/infogandia.es\/index.php\/wp-json\/wp\/v2\/categories?post=3323"},{"taxonomy":"post_tag","embeddable":true,"href":"https:\/\/infogandia.es\/index.php\/wp-json\/wp\/v2\/tags?post=3323"}],"curies":[{"name":"wp","href":"https:\/\/api.w.org\/{rel}","templated":true}]}}