{"id":3325,"date":"2024-03-22T15:54:11","date_gmt":"2024-03-22T15:54:11","guid":{"rendered":"https:\/\/infogandia.es\/?p=3325"},"modified":"2024-03-22T15:54:12","modified_gmt":"2024-03-22T15:54:12","slug":"prieto-pide-una-reunion-entre-el-ministerio-la-generalitat-y-ayuntamientos-para-consensuar-infraestructuras-de-conexion-entre-gandia-y-denia","status":"publish","type":"post","link":"https:\/\/infogandia.es\/index.php\/2024\/03\/22\/prieto-pide-una-reunion-entre-el-ministerio-la-generalitat-y-ayuntamientos-para-consensuar-infraestructuras-de-conexion-entre-gandia-y-denia\/","title":{"rendered":"Prieto pide una reuni\u00f3n entre el Ministerio, la Generalitat y ayuntamientos para consensuar infraestructuras de conexi\u00f3n entre Gandia y Denia"},"content":{"rendered":"\n<p>El alcalde de Gand\u00eda, Jos\u00e9 Manuel Prieto, ha anunciado en el plenario de esta ma\u00f1ana que el Ayuntamiento de Gandia ha remitido una carta dirigida al ministro de Transportes y Movilidad Sostenible, \u00d3scar Puente, y al presidente de la Generalitat Valenciana, Carlos Maz\u00f3n, para pedir una reuni\u00f3n conjunta con los ayuntamientos implicados para impulsar dos infraestructuras b\u00e1sicas para mejorar la conectividad y competitividad de los territorios de la Safor y la Marina: el tranv\u00eda Gandia-D\u00e9nia y el Tren de la Costa. &#8220;Gandia no renuncia a nada y aspira a todo en materia de infraestructuras&#8221;, ha indicado Prieto.<\/p>\n\n\n\n<p>Respecto al tranv\u00eda Gandia-D\u00e9nia, el alcalde ha indicado que es \u201cuna propuesta realista que siempre la hemos defendido desde el inicio, cuando nos la present\u00f3 el Gobierno del Bot\u00e1nico, porque pensamos que vertebrar\u00e1 la Safor y la Marina, y dar\u00e1 acceso a servicios p\u00fablicos importantes como es el hospital comarcal\u201d.<\/p>\n\n\n\n<p>Prieto ha explicado las ventajas de este proyecto: \u201cEs una soluci\u00f3n sostenible, en tanto que facilita el desplazamiento en recorridos cortos y evita el uso del coche. De impacto ambiental reducido, ya que el tren puede funcionar a velocidad reducida en los tramos urbanos sin provocar ninguna cicatriz en las poblaciones. Es un proyecto estrat\u00e9gico en el \u00e1mbito tur\u00edstico, social y de intercambio cultural\u201d.<\/p>\n\n\n\n<p>Respecto al Tren de la Costa, &#8220;creemos que es necesario, pero no tal y como est\u00e1 planteado ahora el proyecto&#8221;. El alcalde ha recordado que el Ayuntamiento aleg\u00f3 por dos veces, en 2016 y 2018. \u201cPedimos que se cambiaran dos cuestiones. No queremos que la estaci\u00f3n de pasajeros est\u00e9 fuera del centro de la ciudad. Y no queremos que el ancho de v\u00eda no sea el mismo en el tramo desde Gandia hasta Benidorm que desde Benidorm hasta Alicante. En el primer tramo, existe un ancho de v\u00eda convencional y en el segundo, es una v\u00eda m\u00e1s r\u00e1pida. Y no queremos que haya desventajas competitivas\u201d.<\/p>\n\n\n\n<p>Por ello, el alcalde pidi\u00f3 hoy por carta al Ministerio de Transportes y Movilidad Sostenible que responda a las alegaciones que present\u00f3 el Ayuntamiento de Gandia al proyecto del Tren de la Costa, para continuar con el siguiente tr\u00e1mite que es la Declaraci\u00f3n de Impacto Ambiental.<\/p>\n\n\n\n<p>Prieto ha expresado que aspira a un &#8220;acuerdo entre todas las Administraciones&#8221;, por eso ha solicitado hoy formalmente al Ministerio ya la Generalitat una reuni\u00f3n entre las administraciones implicadas, &#8220;para coordinar soluciones de movilidad complementarias y vitales, las cuales no pueden esperar m\u00e1s a\u00f1os ni m\u00e1s retrasos\u201d.<\/p>\n\n\n\n<p>Prieto, adem\u00e1s, ha anunciado que convocar\u00e1 a los alcaldes de los municipios afectados para que, entre todos, \u201cconsensuemos una estrategia para seguir reivindicando juntos infraestructuras de conexi\u00f3n entre la Safor y la Marina. Gandia tiene vocaci\u00f3n de ejercer liderazgo y capitalidad y, entre todos, seguiremos defendiendo infraestructuras para vertebrar dos comarcas vitales para la Comunitat Valenciana y para garantizar la futura competitividad de las empresas y los proyectos de vida de la ciudadan\u00eda\u201d.<\/p>\n","protected":false},"excerpt":{"rendered":"<p>Prieto pide una reuni\u00f3n entre el Ministerio, la Generalitat y ayuntamientos para consensuar infraestructuras de conexi\u00f3n entre Gandia y Denia.<\/p>\n","protected":false},"author":1,"featured_media":3315,"comment_status":"open","ping_status":"open","sticky":false,"template":"","format":"standard","meta":{"footnotes":""},"categories":[1,27],"tags":[],"class_list":["post-3325","post","type-post","status-publish","format-standard","has-post-thumbnail","hentry","category-actualidad","category-sociedad"],"_links":{"self":[{"href":"https:\/\/infogandia.es\/index.php\/wp-json\/wp\/v2\/posts\/3325","targetHints":{"allow":["GET"]}}],"collection":[{"href":"https:\/\/infogandia.es\/index.php\/wp-json\/wp\/v2\/posts"}],"about":[{"href":"https:\/\/infogandia.es\/index.php\/wp-json\/wp\/v2\/types\/post"}],"author":[{"embeddable":true,"href":"https:\/\/infogandia.es\/index.php\/wp-json\/wp\/v2\/users\/1"}],"replies":[{"embeddable":true,"href":"https:\/\/infogandia.es\/index.php\/wp-json\/wp\/v2\/comments?post=3325"}],"version-history":[{"count":1,"href":"https:\/\/infogandia.es\/index.php\/wp-json\/wp\/v2\/posts\/3325\/revisions"}],"predecessor-version":[{"id":3326,"href":"https:\/\/infogandia.es\/index.php\/wp-json\/wp\/v2\/posts\/3325\/revisions\/3326"}],"wp:featuredmedia":[{"embeddable":true,"href":"https:\/\/infogandia.es\/index.php\/wp-json\/wp\/v2\/media\/3315"}],"wp:attachment":[{"href":"https:\/\/infogandia.es\/index.php\/wp-json\/wp\/v2\/media?parent=3325"}],"wp:term":[{"taxonomy":"category","embeddable":true,"href":"https:\/\/infogandia.es\/index.php\/wp-json\/wp\/v2\/categories?post=3325"},{"taxonomy":"post_tag","embeddable":true,"href":"https:\/\/infogandia.es\/index.php\/wp-json\/wp\/v2\/tags?post=3325"}],"curies":[{"name":"wp","href":"https:\/\/api.w.org\/{rel}","templated":true}]}}