{"id":3331,"date":"2024-03-22T15:56:09","date_gmt":"2024-03-22T15:56:09","guid":{"rendered":"https:\/\/infogandia.es\/?p=3331"},"modified":"2024-03-22T15:56:09","modified_gmt":"2024-03-22T15:56:09","slug":"gandia-se-suma-a-la-hora-del-planeta-por-octavo-ano-consecutivo","status":"publish","type":"post","link":"https:\/\/infogandia.es\/index.php\/2024\/03\/22\/gandia-se-suma-a-la-hora-del-planeta-por-octavo-ano-consecutivo\/","title":{"rendered":"Gandia se suma a la Hora del Planeta por octavo a\u00f1o consecutivo"},"content":{"rendered":"\n<p>La concejala de Medio Ambiente, Sostenibilidad y Emergencia Clim\u00e1tica, Al\u00edcia Izquierdo y el presidente del Foro XXI, el organismo que aglutina a todas las entidades del sector ecologista en la ciudad, V\u00edctor Carbonell, anunciaron hoy que Gandia se suma, por octava vez, en la Hora del Planeta.<\/p>\n\n\n\n<p>\u00c9sta tendr\u00e1 lugar ma\u00f1ana, s\u00e1bado 23 de marzo, y, como ha expresado el edil, \u00abse trata de un movimiento global en defensa del medio ambiente y de las personas que naci\u00f3 en Sidney en el 2007 como un gesto simb\u00f3lico para llamar la atenci\u00f3n sobre el problema del cambio clim\u00e1tico\u00bb.<\/p>\n\n\n\n<p>Una de las principales causas del cambio clim\u00e1tico es la emisi\u00f3n de gases de efecto invernadero. Al apagar la luz, no se consume m\u00e1s energ\u00eda el\u00e9ctrica de la necesaria y ese hecho tiene una peque\u00f1a repercusi\u00f3n al emitir menos gases.<\/p>\n\n\n\n<p>As\u00ed, la hora del planeta consiste en apagar las luces de los edificios p\u00fablicos y monumentos emblem\u00e1ticos de todas las ciudades del mundo adheridas a la iniciativa durante una hora, desde las 20:30 hasta las 21:30.<\/p>\n\n\n\n<p>En el caso de Gandia, esto se har\u00e1 en la fachada del Ayuntamiento, la Casa de la Marquesa, el Teatro Serrano, el alumbrado p\u00fablico de la fachada mar\u00edtima, y \u200b\u200bun tramo del Paseo de las German\u00edas.<\/p>\n\n\n\n<p>\u00abAl final, los retos globales comienzan por las acciones locales. Uno puede pensar que 60 minutos sin luz en una casa no hacen nada, pero si vamos sumando todos los municipios y personas que se han unido a la acci\u00f3n, esa hora s\u00ed tiene un impacto\u00bb, ha se\u00f1alado Izquierdo.<\/p>\n\n\n\n<p>&#8220;No es tanto algo pr\u00e1ctico, sino m\u00e1s una acci\u00f3n reivindicativa&#8221;, ha comentado Carbonell. &#8220;A pesar de todo, que millones de personas est\u00e9n sin luz durante una hora, ahorra mucha energ\u00eda&#8221;, ha a\u00f1adido.<\/p>\n\n\n\n<p>Por \u00faltimo, tanto \u00e9l como la concejala han animado a todo el mundo a participar en esta iniciativa que da un breve respiro al planeta.<\/p>\n","protected":false},"excerpt":{"rendered":"<p>Gandia se suma a la Hora del Planeta por octavo a\u00f1o consecutivo.<\/p>\n","protected":false},"author":1,"featured_media":3318,"comment_status":"open","ping_status":"open","sticky":false,"template":"","format":"standard","meta":{"footnotes":""},"categories":[1,27],"tags":[],"class_list":["post-3331","post","type-post","status-publish","format-standard","has-post-thumbnail","hentry","category-actualidad","category-sociedad"],"_links":{"self":[{"href":"https:\/\/infogandia.es\/index.php\/wp-json\/wp\/v2\/posts\/3331","targetHints":{"allow":["GET"]}}],"collection":[{"href":"https:\/\/infogandia.es\/index.php\/wp-json\/wp\/v2\/posts"}],"about":[{"href":"https:\/\/infogandia.es\/index.php\/wp-json\/wp\/v2\/types\/post"}],"author":[{"embeddable":true,"href":"https:\/\/infogandia.es\/index.php\/wp-json\/wp\/v2\/users\/1"}],"replies":[{"embeddable":true,"href":"https:\/\/infogandia.es\/index.php\/wp-json\/wp\/v2\/comments?post=3331"}],"version-history":[{"count":1,"href":"https:\/\/infogandia.es\/index.php\/wp-json\/wp\/v2\/posts\/3331\/revisions"}],"predecessor-version":[{"id":3332,"href":"https:\/\/infogandia.es\/index.php\/wp-json\/wp\/v2\/posts\/3331\/revisions\/3332"}],"wp:featuredmedia":[{"embeddable":true,"href":"https:\/\/infogandia.es\/index.php\/wp-json\/wp\/v2\/media\/3318"}],"wp:attachment":[{"href":"https:\/\/infogandia.es\/index.php\/wp-json\/wp\/v2\/media?parent=3331"}],"wp:term":[{"taxonomy":"category","embeddable":true,"href":"https:\/\/infogandia.es\/index.php\/wp-json\/wp\/v2\/categories?post=3331"},{"taxonomy":"post_tag","embeddable":true,"href":"https:\/\/infogandia.es\/index.php\/wp-json\/wp\/v2\/tags?post=3331"}],"curies":[{"name":"wp","href":"https:\/\/api.w.org\/{rel}","templated":true}]}}