{"id":3333,"date":"2024-03-22T15:56:51","date_gmt":"2024-03-22T15:56:51","guid":{"rendered":"https:\/\/infogandia.es\/?p=3333"},"modified":"2024-03-22T15:56:51","modified_gmt":"2024-03-22T15:56:51","slug":"el-pp-de-gandia-denuncia-que-las-obras-del-centro-social-del-grau-se-retrasaran-al-menos-cuatro-meses","status":"publish","type":"post","link":"https:\/\/infogandia.es\/index.php\/2024\/03\/22\/el-pp-de-gandia-denuncia-que-las-obras-del-centro-social-del-grau-se-retrasaran-al-menos-cuatro-meses\/","title":{"rendered":"El PP de Gandia denuncia que las obras del Centro Social del Grau se retrasar\u00e1n al menos cuatro meses"},"content":{"rendered":"\n<p>El Partido Popular de Gandia, a trav\u00e9s de su portavoz adjunto David Ronda Cardona y de la concejala grauera, Aina Borred\u00e1 P\u00e9rez, han denunciado el retraso en las obras de reforma del Centro Social Marcel\u00edno P\u00e9rez del Grau. Esta actuaci\u00f3n deber\u00eda estar acabada en el mes de junio, pero desde hace meses las obras se han ralentizado. Las cr\u00edticas de vecinos han llegado hasta el Grupo Municipal Popular que ha averiguado que la demora se debe a un mal planteamiento de las obras por parte del Ayuntamiento de Gandia.<\/p>\n\n\n\n<p>Ronda Cardona ha informado que hay problemas en la cubierta, ya que no estaba contemplada en el proyecto de reforma. Por ello, los vecinos del poblado mar\u00edtimo del Grau, deber\u00e1n esperar cuatro meses de retrasos m\u00e1s para poder utilizar el espacio del centro social, ya que est\u00e1n habiendo problemas con las reformas y acondicionamientos del centro, lo que ocasiona problemas con la finalizaci\u00f3n de las obras.<\/p>\n\n\n\n<p>El portavoz adjunto ha criticado la gesti\u00f3n del PSOE y de Acord per Guanyar-M\u00e9s Gandia que han planteado mal las obras y har\u00e1n que los vecinos tengan que esperar m\u00e1s tiempo para ver el Centro Social acabado. Un hecho, que seg\u00fan David Ronda, \u201cva a generar muchos problemas entre los vecinos, porque el gobierno de Jos\u00e9 Manuel Prieto no sabe plantear los proyectos, ya que queda demostrado que esto no es un imprevisto sino que se han olvidado de una parte de la obra\u201d.<\/p>\n\n\n\n<p>El retraso viene dado por el imprevisto en la cubierta del edificio y que ha consecuencia de ello, se estar\u00e1 cuatro meses m\u00e1s, lo que se prev\u00e9 que el centro no habr\u00e1 en junio de este a\u00f1o y, como pronto, a mediados de octubre.<\/p>\n\n\n\n<p>El contrato de obras se adjudic\u00f3 en junio del pasado a\u00f1o, por valor de 1,2 millones de euros, con el fin de mejorar los servicios p\u00fablicos y regenerar el entorno del espacio, as\u00ed como la de mejorar la accesibilidad.<\/p>\n\n\n\n<p>Para la concejal popular en el poblado mar\u00edtimo en el Grau, Aina Borred\u00e1 P\u00e9rez, \u201cestamos teniendo muchos problemas con las actuaciones que se est\u00e1n haciendo por parte del gobierno local en nuestro barrio, tenemos el Grau patas arriba constantemente\u201d.<\/p>\n\n\n\n<p>Para los populares es de gran necesidad que no se demoren m\u00e1s las obras del centro, ya que este espacio es un punto neur\u00e1lgico de los vecinos, donde realizan diversas actividades al largo del a\u00f1o y el punto de encuentro de todos ellos, por lo que ahora mismo no hay uno de referencia.<\/p>\n\n\n\n<p>Por \u00faltimo, para el coportavoz David Ronda \u201clos vecinos deben saber en qu\u00e9 punto se encuentra esta actuaci\u00f3n y tener detalle del avance y estado en el que se encuentra el centro social, ya que todo ello comporta que los distintos servicios p\u00fablicos que se daba, est\u00e9n ahora mismo dispersos en distintos espacios\u201d, concluyendo, \u201cGandia est\u00e1 con un caos en la planificaci\u00f3n, ejecuci\u00f3n y finalizaci\u00f3n de las obras publicas que se est\u00e1n llevando a cabo, all\u00e1 por donde vas solo se ven obras a medio gas o paradas sin ning\u00fan sentido y todo es culpa de Prieto y de sus socios\u201d.<\/p>\n","protected":false},"excerpt":{"rendered":"<p>El PP de Gandia denuncia que las obras del Centro Social del Grau se retrasar\u00e1n al menos cuatro meses.<\/p>\n","protected":false},"author":1,"featured_media":3320,"comment_status":"open","ping_status":"open","sticky":false,"template":"","format":"standard","meta":{"footnotes":""},"categories":[1,2,27],"tags":[],"class_list":["post-3333","post","type-post","status-publish","format-standard","has-post-thumbnail","hentry","category-actualidad","category-salud","category-sociedad"],"_links":{"self":[{"href":"https:\/\/infogandia.es\/index.php\/wp-json\/wp\/v2\/posts\/3333","targetHints":{"allow":["GET"]}}],"collection":[{"href":"https:\/\/infogandia.es\/index.php\/wp-json\/wp\/v2\/posts"}],"about":[{"href":"https:\/\/infogandia.es\/index.php\/wp-json\/wp\/v2\/types\/post"}],"author":[{"embeddable":true,"href":"https:\/\/infogandia.es\/index.php\/wp-json\/wp\/v2\/users\/1"}],"replies":[{"embeddable":true,"href":"https:\/\/infogandia.es\/index.php\/wp-json\/wp\/v2\/comments?post=3333"}],"version-history":[{"count":1,"href":"https:\/\/infogandia.es\/index.php\/wp-json\/wp\/v2\/posts\/3333\/revisions"}],"predecessor-version":[{"id":3334,"href":"https:\/\/infogandia.es\/index.php\/wp-json\/wp\/v2\/posts\/3333\/revisions\/3334"}],"wp:featuredmedia":[{"embeddable":true,"href":"https:\/\/infogandia.es\/index.php\/wp-json\/wp\/v2\/media\/3320"}],"wp:attachment":[{"href":"https:\/\/infogandia.es\/index.php\/wp-json\/wp\/v2\/media?parent=3333"}],"wp:term":[{"taxonomy":"category","embeddable":true,"href":"https:\/\/infogandia.es\/index.php\/wp-json\/wp\/v2\/categories?post=3333"},{"taxonomy":"post_tag","embeddable":true,"href":"https:\/\/infogandia.es\/index.php\/wp-json\/wp\/v2\/tags?post=3333"}],"curies":[{"name":"wp","href":"https:\/\/api.w.org\/{rel}","templated":true}]}}