{"id":3370,"date":"2024-03-26T22:24:21","date_gmt":"2024-03-26T22:24:21","guid":{"rendered":"https:\/\/infogandia.es\/?p=3370"},"modified":"2024-03-26T22:24:22","modified_gmt":"2024-03-26T22:24:22","slug":"la-fundacio-miram-de-gandia-amplia-su-formacion-para-jovenes-autistas","status":"publish","type":"post","link":"https:\/\/infogandia.es\/index.php\/2024\/03\/26\/la-fundacio-miram-de-gandia-amplia-su-formacion-para-jovenes-autistas\/","title":{"rendered":"La Fundaci\u00f3 Mira\u2019m de Gandia ampl\u00eda su formaci\u00f3n para j\u00f3venes autistas"},"content":{"rendered":"\n<p>La Diputaci\u00f3n de Valencia ha anunciado que va a ampliar su colaboraci\u00f3n con la Fundaci\u00f3 Mira\u2019m de Gandia, dedicada al apoyo y acompa\u00f1amiento de personas con autismo y sus familias, que cuenta con un \u00e1rea educativa centrada en la formaci\u00f3n personal y acad\u00e9mica entre las etapas de la infancia y la juventud.<\/p>\n\n\n\n<p>La responsable de Bienestar e inclusi\u00f3n Social, en la diputaci\u00f3n, Imma Gonz\u00e1lez, ha visitado las instalaciones que la entidad dispone en Gandia junto con la directora de la fundaci\u00f3n, Marisa Sambl\u00e1s, con el fin de concretar el acuerdo.<\/p>\n\n\n\n<p>Marisa Sambl\u00e1s ha se\u00f1alado a este peri\u00f3dico que con esta contribuci\u00f3n anunciada por la diputaci\u00f3n se ampliar\u00e1 de 15 a 25 el n\u00famero de personas, la inmensa mayor\u00eda de distintos municipios de la Safor, que se beneficiar\u00e1n de esa formaci\u00f3n en Artes Gr\u00e1ficas. Entre las ense\u00f1anzas figura el dise\u00f1o de webs, el uso y manejo de las redes sociales y la confecci\u00f3n de carteler\u00eda, aspectos que son muy demandados por empresas de todo tipo.<\/p>\n\n\n\n<p>La titular de Bienestar Social ha destacado el compromiso de la diputaci\u00f3n \u00abpor impulsar la labor fundamental de esta entidad, que realiza un trabajo esencial para la sociedad, centrado en mejorar la calidad de vida de un colectivo vulnerable\u00bb. En este sentido, ha hecho hincapi\u00e9 en la importancia del trabajo colaborativo con un \u00abobjetivo com\u00fan\u00bb con el fin de conseguir \u00abun mayor impacto\u00bb.<\/p>\n\n\n\n<p>Durante la visita, Gonz\u00e1lez ha podido comprobar la labor que realiza la fundaci\u00f3n desde su \u00e1rea educativa, concretamente mediante el curso de formaci\u00f3n de cualificaci\u00f3n b\u00e1sica adaptada de Artes Gr\u00e1ficas y Reprograf\u00eda, destinado a personas de entre 16 y 21 a\u00f1os con necesidades educativas especiales permanentes que no hayan finalizado la ESO.<\/p>\n\n\n\n<p>Este curso se enmarca en el programa \u00abLanzaTEA\u00bb, que impulsar\u00e1 la diputaci\u00f3n este a\u00f1o. Se trata de un proyecto multidimensional que pretende servir de lanzadera hacia la juventud y vida adulta de personas con autismo a trav\u00e9s de la formaci\u00f3n.<\/p>\n\n\n\n<p>Para ello, la fundaci\u00f3n cuenta con un colegio espec\u00edfico y programas formativos de cualificaci\u00f3n b\u00e1sica en Val\u00e8ncia, como el curso de pasteler\u00eda, y tambi\u00e9n en Gandia, que acoge la formaci\u00f3n de cualificaci\u00f3n b\u00e1sica enfocada a las artes gr\u00e1ficas.<\/p>\n\n\n\n<p>Asimismo, en funci\u00f3n de la edad de la persona, de su recurso de referencia y de cuestiones personales relacionadas con sus motivaciones, deseos y necesidades, se individualizan los procesos de ense\u00f1anza y aprendizaje para favorecer un desarrollo personal \u00fanico y en primera persona.<\/p>\n\n\n\n<p>La corporaci\u00f3n provincial ha impulsado en los \u00faltimos a\u00f1os la labor de la entidad con aportaciones econ\u00f3micas. Anteriormente ha colaborado con la fundaci\u00f3n para el desarrollo de su programa \u00abbbmiradas\u00bb una iniciativa de identificaci\u00f3n e intervenci\u00f3n temprana del trastorno del espectro del autismo mediante el cual se identifica de manera precoz a ni\u00f1os que presentan indicadores de alerta en su desarrollo social y comunicativo y facilita su acceso a una intervenci\u00f3n temprana y de calidad.<\/p>\n\n\n\n<p>Tambi\u00e9n el Ayuntamiento de Gandia ha mantenido una estrecha colaboraci\u00f3n con la Fundaci\u00f3 Mira\u2019m que le ha permitido desarrollar su acci\u00f3n social y de integraci\u00f3n de personas&nbsp;autistas.<\/p>\n","protected":false},"excerpt":{"rendered":"<p>La Fundaci\u00f3 Mira\u2019m de Gandia ampl\u00eda su formaci\u00f3n para j\u00f3venes autistas.<\/p>\n<p>La Diputaci\u00f3n de Valencia ha anunciado que va a ampliar su colaboraci\u00f3n con la Fundaci\u00f3 Mira\u2019m de Gandia, dedicada al apoyo y acompa\u00f1amiento de personas con autismo y sus familias, que cuenta con un \u00e1rea educativa centrada en la formaci\u00f3n personal y acad\u00e9mica entre las etapas de la infancia y la juventud.<\/p>\n<p>La responsable de Bienestar e inclusi\u00f3n Social, en la diputaci\u00f3n, Imma Gonz\u00e1lez, ha visitado las instalaciones que la entidad dispone en Gandia junto con la directora de la fundaci\u00f3n, Marisa Sambl\u00e1s, con el fin de concretar el acuerdo.<\/p>\n<p>Marisa Sambl\u00e1s ha se\u00f1alado a este peri\u00f3dico que con esta contribuci\u00f3n anunciada por la diputaci\u00f3n se ampliar\u00e1 de 15 a 25 el n\u00famero de personas, la inmensa mayor\u00eda de distintos municipios de la Safor, que se beneficiar\u00e1n de esa formaci\u00f3n en Artes Gr\u00e1ficas. Entre las ense\u00f1anzas figura el dise\u00f1o de webs, el uso y manejo de las redes sociales y la confecci\u00f3n de carteler\u00eda, aspectos que son muy demandados por empresas de todo tipo.<\/p>\n<p>La titular de Bienestar Social ha destacado el compromiso de la diputaci\u00f3n \u00abpor impulsar la labor fundamental de esta entidad, que realiza un trabajo esencial para la sociedad, centrado en mejorar la calidad de vida de un colectivo vulnerable\u00bb. En este sentido, ha hecho hincapi\u00e9 en la importancia del trabajo colaborativo con un \u00abobjetivo com\u00fan\u00bb con el fin de conseguir \u00abun mayor impacto\u00bb.<\/p>\n<p>Durante la visita, Gonz\u00e1lez ha podido comprobar la labor que realiza la fundaci\u00f3n desde su \u00e1rea educativa, concretamente mediante el curso de formaci\u00f3n de cualificaci\u00f3n b\u00e1sica adaptada de Artes Gr\u00e1ficas y Reprograf\u00eda, destinado a personas de entre 16 y 21 a\u00f1os con necesidades educativas especiales permanentes que no hayan finalizado la ESO.<\/p>\n<p>Este curso se enmarca en el programa \u00abLanzaTEA\u00bb, que impulsar\u00e1 la diputaci\u00f3n este a\u00f1o. Se trata de un proyecto multidimensional que pretende servir de lanzadera hacia la juventud y vida adulta de personas con autismo a trav\u00e9s de la formaci\u00f3n.<\/p>\n<p>Para ello, la fundaci\u00f3n cuenta con un colegio espec\u00edfico y programas formativos de cualificaci\u00f3n b\u00e1sica en Val\u00e8ncia, como el curso de pasteler\u00eda, y tambi\u00e9n en Gandia, que acoge la formaci\u00f3n de cualificaci\u00f3n b\u00e1sica enfocada a las artes gr\u00e1ficas.<\/p>\n<p>Asimismo, en funci\u00f3n de la edad de la persona, de su recurso de referencia y de cuestiones personales relacionadas con sus motivaciones, deseos y necesidades, se individualizan los procesos de ense\u00f1anza y aprendizaje para favorecer un desarrollo personal \u00fanico y en primera persona.<\/p>\n<p>La corporaci\u00f3n provincial ha impulsado en los \u00faltimos a\u00f1os la labor de la entidad con aportaciones econ\u00f3micas. Anteriormente ha colaborado con la fundaci\u00f3n para el desarrollo de su programa \u00abbbmiradas\u00bb una iniciativa de identificaci\u00f3n e intervenci\u00f3n temprana del trastorno del espectro del autismo mediante el cual se identifica de manera precoz a ni\u00f1os que presentan indicadores de alerta en su desarrollo social y comunicativo y facilita su acceso a una intervenci\u00f3n temprana y de calidad.<\/p>\n<p>Tambi\u00e9n el Ayuntamiento de Gandia ha mantenido una estrecha colaboraci\u00f3n con la Fundaci\u00f3 Mira\u2019m que le ha permitido desarrollar su acci\u00f3n social y de integraci\u00f3n de personas\u00a0autistas.<\/p>\n","protected":false},"author":1,"featured_media":3365,"comment_status":"open","ping_status":"open","sticky":false,"template":"","format":"standard","meta":{"footnotes":""},"categories":[1,27],"tags":[],"class_list":["post-3370","post","type-post","status-publish","format-standard","has-post-thumbnail","hentry","category-actualidad","category-sociedad"],"_links":{"self":[{"href":"https:\/\/infogandia.es\/index.php\/wp-json\/wp\/v2\/posts\/3370","targetHints":{"allow":["GET"]}}],"collection":[{"href":"https:\/\/infogandia.es\/index.php\/wp-json\/wp\/v2\/posts"}],"about":[{"href":"https:\/\/infogandia.es\/index.php\/wp-json\/wp\/v2\/types\/post"}],"author":[{"embeddable":true,"href":"https:\/\/infogandia.es\/index.php\/wp-json\/wp\/v2\/users\/1"}],"replies":[{"embeddable":true,"href":"https:\/\/infogandia.es\/index.php\/wp-json\/wp\/v2\/comments?post=3370"}],"version-history":[{"count":1,"href":"https:\/\/infogandia.es\/index.php\/wp-json\/wp\/v2\/posts\/3370\/revisions"}],"predecessor-version":[{"id":3371,"href":"https:\/\/infogandia.es\/index.php\/wp-json\/wp\/v2\/posts\/3370\/revisions\/3371"}],"wp:featuredmedia":[{"embeddable":true,"href":"https:\/\/infogandia.es\/index.php\/wp-json\/wp\/v2\/media\/3365"}],"wp:attachment":[{"href":"https:\/\/infogandia.es\/index.php\/wp-json\/wp\/v2\/media?parent=3370"}],"wp:term":[{"taxonomy":"category","embeddable":true,"href":"https:\/\/infogandia.es\/index.php\/wp-json\/wp\/v2\/categories?post=3370"},{"taxonomy":"post_tag","embeddable":true,"href":"https:\/\/infogandia.es\/index.php\/wp-json\/wp\/v2\/tags?post=3370"}],"curies":[{"name":"wp","href":"https:\/\/api.w.org\/{rel}","templated":true}]}}