{"id":3400,"date":"2024-04-09T17:29:09","date_gmt":"2024-04-09T17:29:09","guid":{"rendered":"https:\/\/infogandia.es\/?p=3400"},"modified":"2024-04-09T17:29:09","modified_gmt":"2024-04-09T17:29:09","slug":"gandia-ve-reconocida-su-apuesta-por-la-excelencia-turistica-al-ser-elegida-sede-del-i-foro-de-destino-sicted","status":"publish","type":"post","link":"https:\/\/infogandia.es\/index.php\/2024\/04\/09\/gandia-ve-reconocida-su-apuesta-por-la-excelencia-turistica-al-ser-elegida-sede-del-i-foro-de-destino-sicted\/","title":{"rendered":"Gandia ve reconocida su apuesta por la excelencia tur\u00edstica al ser elegida sede del I Foro de destino SICTED"},"content":{"rendered":"\n<p>Gandia se convertir\u00e1 este mi\u00e9rcoles y jueves en el epicentro de la calidad tur\u00edstica en la Comunitat Valenciana al acoger el I Foro de destino SICTED que, bajo el t\u00edtulo &#8220;Un paso hacia la sostenibilidad&#8221; y en el hotel RH Bayr\u00e9n &amp; SPA, reunir\u00e1 t\u00e9cnicos, pol\u00edticos, prestamistas de servicios y empresas que trabajan dentro del Sistema Integral de Calidad Tur\u00edstica Espa\u00f1ola en Destinos (SICTED).<\/p>\n\n\n\n<p>Tal y como ha explicado la concejala delegada de Turismo, Balbina Sendra, se trata de unas jornadas que se han redimensionado y que ponen de relieve la importancia que todos los agentes del destino se implican en la apuesta por ofrecer servicios de calidad a los visitantes y turistas.<\/p>\n\n\n\n<p>M\u00e1s de 60 personas se alojar\u00e1n en nuestra ciudad durante las dos jornadas del F\u00f2rum. Sobre la elecci\u00f3n de Gandia, Sendra ha incidido en que no se trata de un hecho casual, ya que supone reconocer &#8220;la apuesta realizada por el gobierno municipal desde 2015 y que nos ha convertido en el segundo destino de la Comunitat Valenciana con m\u00e1s distintivos de este tipo. No en vano durante el pasado FITUR fuimos reconocidos como el segundo mejor destino SICTED y acoger este congreso es un premio a esta apuesta\u201d. &#8220;En Gandia estamos hablando de 139 distinguidos a los que sumaremos los 44 de este a\u00f1o. La apuesta del ejecutivo exige seguir creciendo en este \u00e1mbito por diferenciarnos de otros destinos&#8221;.<\/p>\n\n\n\n<p>La responsable de Turismo ha abordado la redimensi\u00f3n de este encuentro, puesto que se apuesta por la excelencia y la calidad, pero se suma a estos par\u00e1metros la sostenibilidad. Calidad y sostenibilidad deben ir de la mano y debemos ser capaces de caminar hacia un turismo que ofrezca experiencias m\u00e1s sostenibles basadas en la excelencia.<br>Durante las jornadas, Gandia aprovechar\u00e1 para mostrar a los asistentes el trabajo que se desarrolla desde las Fallas y Museo Fallero, el Palacio Ducal, o el Centro Hist\u00f3rico, como agentes esenciales de la implicaci\u00f3n en el proyecto SICTED, entre otras actividades promocionales entre las cuales se encuentra un showcooking de fideu\u00e1.<\/p>\n\n\n\n<p>Valoraci\u00f3n ocupaci\u00f3n puente San Vicente<\/p>\n\n\n\n<p>El edil ha aprovechado la comparecencia para mostrar su satisfacci\u00f3n por los buenos datos de ocupaci\u00f3n y afluencia en la playa durante este puente festivo. &#8220;Hemos superado el 90% de ocupaci\u00f3n y hemos tenido 12 hoteles al 100% gracias, entre otras cosas, a la operativa de estudiantes portugueses que durante la \u00faltima semana ha propiciado que cerca de 6.000 j\u00f3venes del pa\u00eds vecino hayan pasado sus vacaciones escolares en nuestra ciudad&#8221;. &#8220;A esta iniciativa debemos sumar el SunSation Beach con personas procedentes de toda Europa y Am\u00e9rica para jugar al voley playa, o las personas que nos han visitado simplemente para disfrutar de unos merecidos d\u00edas de descanso&#8221; ha a\u00f1adido la concejala quien ha querido agradecer la ampliaci\u00f3n del sector para facilitar todas estas acciones que redundan en beneficio de la&nbsp;econom\u00eda&nbsp;local.<\/p>\n","protected":false},"excerpt":{"rendered":"<p>Gandia se convertir\u00e1 este mi\u00e9rcoles y jueves en el epicentro de la calidad tur\u00edstica en la Comunitat Valenciana al acoger el I Foro de destino SICTED que, bajo el t\u00edtulo &#8220;Un paso hacia la sostenibilidad&#8221; y en el hotel RH Bayr\u00e9n &amp; SPA, reunir\u00e1 t\u00e9cnicos, pol\u00edticos, prestamistas de servicios y empresas que trabajan dentro del&#8230;<\/p>\n","protected":false},"author":1,"featured_media":3401,"comment_status":"open","ping_status":"open","sticky":false,"template":"","format":"standard","meta":{"footnotes":""},"categories":[1],"tags":[],"class_list":["post-3400","post","type-post","status-publish","format-standard","has-post-thumbnail","hentry","category-actualidad"],"_links":{"self":[{"href":"https:\/\/infogandia.es\/index.php\/wp-json\/wp\/v2\/posts\/3400","targetHints":{"allow":["GET"]}}],"collection":[{"href":"https:\/\/infogandia.es\/index.php\/wp-json\/wp\/v2\/posts"}],"about":[{"href":"https:\/\/infogandia.es\/index.php\/wp-json\/wp\/v2\/types\/post"}],"author":[{"embeddable":true,"href":"https:\/\/infogandia.es\/index.php\/wp-json\/wp\/v2\/users\/1"}],"replies":[{"embeddable":true,"href":"https:\/\/infogandia.es\/index.php\/wp-json\/wp\/v2\/comments?post=3400"}],"version-history":[{"count":1,"href":"https:\/\/infogandia.es\/index.php\/wp-json\/wp\/v2\/posts\/3400\/revisions"}],"predecessor-version":[{"id":3406,"href":"https:\/\/infogandia.es\/index.php\/wp-json\/wp\/v2\/posts\/3400\/revisions\/3406"}],"wp:featuredmedia":[{"embeddable":true,"href":"https:\/\/infogandia.es\/index.php\/wp-json\/wp\/v2\/media\/3401"}],"wp:attachment":[{"href":"https:\/\/infogandia.es\/index.php\/wp-json\/wp\/v2\/media?parent=3400"}],"wp:term":[{"taxonomy":"category","embeddable":true,"href":"https:\/\/infogandia.es\/index.php\/wp-json\/wp\/v2\/categories?post=3400"},{"taxonomy":"post_tag","embeddable":true,"href":"https:\/\/infogandia.es\/index.php\/wp-json\/wp\/v2\/tags?post=3400"}],"curies":[{"name":"wp","href":"https:\/\/api.w.org\/{rel}","templated":true}]}}