{"id":3407,"date":"2024-04-09T17:30:07","date_gmt":"2024-04-09T17:30:07","guid":{"rendered":"https:\/\/infogandia.es\/?p=3407"},"modified":"2024-04-09T17:30:08","modified_gmt":"2024-04-09T17:30:08","slug":"los-restos-mortales-de-san-francisco-de-borja-volveran-a-la-ciudad-de-gandia","status":"publish","type":"post","link":"https:\/\/infogandia.es\/index.php\/2024\/04\/09\/los-restos-mortales-de-san-francisco-de-borja-volveran-a-la-ciudad-de-gandia\/","title":{"rendered":"Los restos mortales de San Francisco de Borja volver\u00e1n a la ciudad de Gandia"},"content":{"rendered":"\n<p>Contando con el benepl\u00e1cito y la autorizaci\u00f3n del arzobispo de Valencia, monse\u00f1or Enrique Benavent y con la aprobaci\u00f3n del Provincial de la Compa\u00f1\u00eda de Jes\u00fas en Espa\u00f1a, Enric Puiggr\u00f2s Llavin\u00e9s, se ha conseguido que las reliquias con los restos mortales del Santo Duque vuelvan a visitar Gandia y Valencia.<br>\u00a0<br>Saldr\u00e1n desde Madrid, en concreto desde la parroquia de San Francisco de Borja ubicada en el conocido barrio de Salamanca, lugar en el que se encuentran habitualmente estas reliquias en un arca de plata, para llegar a Valencia el jueves 5 de septiembre, y en principio el viernes 20 de septiembre, ser\u00e1n trasladadas hasta la Insigne Colegiata de Gandia.<\/p>\n\n\n\n<p>Durante aproximadamente quince d\u00edas, incluyendo la celebraci\u00f3n del Novenario y la Fiesta al Santo Duque, los fieles y vecinos podr\u00e1n venerar los restos mortales del Santo Patr\u00f3n de la capital de la Safor. La fiesta en honor a San Francisco de Borja este a\u00f1o tendr\u00e1 lugar el lunes 30 de septiembre en la ciudad de Gandia, por lo que las reliquias del Santo Borja partir\u00e1n hac\u00eda Valencia el 1 de octubre, y en la parroquia de san Francisco de Borja estar\u00e1n expuestas hasta el lunes 4 de noviembre.<br>&nbsp;<br>En el a\u00f1o 2025 el Papa Francisco ha convocado un A\u00f1o Jubilar para conmemorar los 2025 a\u00f1os de la venida de Cristo a la tierra. Es un A\u00f1o Santo que la Iglesia Cat\u00f3lica celebra a nivel universal cada 25 a\u00f1os. En concreto, en la historia ha habido dos grandes efem\u00e9rides, la del a\u00f1o jubilar de 1500 y la del 2000. En el a\u00f1o 1500 fue el Papa Alejandro VI quien ostentaba la C\u00e1tedra de Pedro, y quiso preparar dicha celebraci\u00f3n con diversas obras o acciones pastorales. De hecho, en Gandia, a trav\u00e9s de la Duquesa Mar\u00eda Enr\u00edquez de Luna, fue para el A\u00f1o Santo del 1500 quien concluy\u00f3 el templo de la Parroquia de la Asunci\u00f3n de Ntra. Sra., concretamente en 1499, y solicit\u00f3 elevarla a la categor\u00eda de Colegiata. Tanto el Abad de Gandia, \u00c1ngel Saneugenio; como el p\u00e1rroco de San Francisco de Borja de Valencia, Pedro Miret; han visto con buenos ojos, que, para la preparaci\u00f3n de este jubileo del a\u00f1o 2025, se d\u00e9 un impulso a la fiesta con la presencia de los restos mortales del Santo Patrono de la Ciudad Ducal.<br>&nbsp;<br>La visita de las reliquias del cuerpo de San Francisco de Borja, ser\u00e1 la segunda vez que visite la Archidi\u00f3cesis de Valencia en 450 a\u00f1os. Fue el 31 de marzo de 1973, es decir, hace 51 a\u00f1os, cuando visit\u00f3 la Parroquia del barrio de Ruzafa de Valencia, y el 7 de abril de 1973, lo har\u00eda a su ciudad natal, realiz\u00e1ndose la acogida y celebraci\u00f3n en la plaza del Cardenal Sanz y For\u00e9s tambi\u00e9n conocida como plaza El\u00edptica&nbsp;de&nbsp;Gandia.<\/p>\n","protected":false},"excerpt":{"rendered":"<p>Los restos mortales de San Francisco de Borja volver\u00e1n a la ciudad de Gandia.<\/p>\n","protected":false},"author":1,"featured_media":3402,"comment_status":"open","ping_status":"open","sticky":false,"template":"","format":"standard","meta":{"footnotes":""},"categories":[1,27],"tags":[],"class_list":["post-3407","post","type-post","status-publish","format-standard","has-post-thumbnail","hentry","category-actualidad","category-sociedad"],"_links":{"self":[{"href":"https:\/\/infogandia.es\/index.php\/wp-json\/wp\/v2\/posts\/3407","targetHints":{"allow":["GET"]}}],"collection":[{"href":"https:\/\/infogandia.es\/index.php\/wp-json\/wp\/v2\/posts"}],"about":[{"href":"https:\/\/infogandia.es\/index.php\/wp-json\/wp\/v2\/types\/post"}],"author":[{"embeddable":true,"href":"https:\/\/infogandia.es\/index.php\/wp-json\/wp\/v2\/users\/1"}],"replies":[{"embeddable":true,"href":"https:\/\/infogandia.es\/index.php\/wp-json\/wp\/v2\/comments?post=3407"}],"version-history":[{"count":1,"href":"https:\/\/infogandia.es\/index.php\/wp-json\/wp\/v2\/posts\/3407\/revisions"}],"predecessor-version":[{"id":3408,"href":"https:\/\/infogandia.es\/index.php\/wp-json\/wp\/v2\/posts\/3407\/revisions\/3408"}],"wp:featuredmedia":[{"embeddable":true,"href":"https:\/\/infogandia.es\/index.php\/wp-json\/wp\/v2\/media\/3402"}],"wp:attachment":[{"href":"https:\/\/infogandia.es\/index.php\/wp-json\/wp\/v2\/media?parent=3407"}],"wp:term":[{"taxonomy":"category","embeddable":true,"href":"https:\/\/infogandia.es\/index.php\/wp-json\/wp\/v2\/categories?post=3407"},{"taxonomy":"post_tag","embeddable":true,"href":"https:\/\/infogandia.es\/index.php\/wp-json\/wp\/v2\/tags?post=3407"}],"curies":[{"name":"wp","href":"https:\/\/api.w.org\/{rel}","templated":true}]}}