{"id":3440,"date":"2024-04-10T16:29:45","date_gmt":"2024-04-10T16:29:45","guid":{"rendered":"https:\/\/infogandia.es\/?p=3440"},"modified":"2024-04-10T16:29:45","modified_gmt":"2024-04-10T16:29:45","slug":"el-pp-de-gandia-antepone-la-buena-gestion-de-mazon-frente-a-la-de-prieto","status":"publish","type":"post","link":"https:\/\/infogandia.es\/index.php\/2024\/04\/10\/el-pp-de-gandia-antepone-la-buena-gestion-de-mazon-frente-a-la-de-prieto\/","title":{"rendered":"El PP de Gandia antepone la buena gesti\u00f3n de Maz\u00f3n frente a la de Prieto"},"content":{"rendered":"\n<p>El Grupo Municipal Popular se ha congratulado por la tercera visita a Gandia del President de la Generalitat, Carlos Maz\u00f3n, lo que demuestra &#8220;su compromiso adquirido en campa\u00f1a electoral con la ciudad&#8221;. Para los populares, este gesto pone de manifiesto una vez m\u00e1s que Maz\u00f3n &#8220;gobierna para todos sin sectarismos, ya que la ciudad est\u00e1 dirigida por socialistas y nacionalistas&#8221;.<\/p>\n\n\n\n<p>En una rueda de prensa celebrada esta misma ma\u00f1ana, el portavoz del PP en el Ayuntamiento de Gandia, Guillermo Barber ha puesto en valor &#8220;el esfuerzo inversor de la Generalitat Valenciana presidida por Maz\u00f3n y por el Partido Popular, quien reconoci\u00f3 una deuda hist\u00f3rica con nuestra ciudad. As\u00ed, en los pr\u00f3ximos meses seg\u00fan los populares, &#8220;ya podremos hablar de realidades en infraestructuras tales como el inicio del proyecto de tranv\u00eda Gandia-Oliva-D\u00e9nia, reafirmar el inicio de las obras de la CV-60 en Gandia&#8221;.<\/p>\n\n\n\n<p>En materia educativa, se ha dotado con 609.000 las obras del colegio p\u00fablico Ro\u00eds de Corella para desbloquear as &#8220;un problema heredado del gobierno del Bot\u00e0nic (PSOE y Comprom\u00eds) y hacer realidad el Centro de Formaci\u00f3n Profesional Integrado, con una inversi\u00f3n de 24 millones de euros&#8221;.<\/p>\n\n\n\n<p>Por \u00faltimo, los populares destacan que en materia sanitaria, ser\u00e1 realidad el Acelerador Lineal del Hospital Francesc de Borja, que permitir\u00e1 tratamientos de radioterapia a enfermos oncol\u00f3gicos, as\u00ed como la apertura del centro sanitario de Rois de Corella en los pr\u00f3ximos meses.Para Barber &#8220;el Partido Popular no lleva ni un a\u00f1o en el Gobierno de la Generalitat y ya podemos hablar de realidades.<\/p>\n\n\n\n<p>Por contra, tenemos un gobierno municipal de socialistas y nacionalistas que no resuelven los problemas de los ciudadanos, como son las urbanizaciones inacabadas de Marxuquera, Kentucky, Marenys de Rafalcaid y Venecia\u201d. A lo que ha agregado que \u201cno han finalizado las obras de peatonalizaci\u00f3n del entorno de la Iglesia de San Nicol\u00e1s, mal ejecutada y que va a tener un sobrecoste enorme para los graueros y gandienses. Y siguen generando problemas a los propietarios de Sanxo Llop, adem\u00e1s de anunciar proyectos en dicho espacio que veremos si ver\u00e1n la luz en esta legislatura\u201d.<\/p>\n\n\n\n<p>Para finalizar, Barber ha a\u00f1adido que &#8220;estamos ante un gobierno de Prieto Anuncios, que nunca llegan a ejecutarse. Vemos dos maneras diferentes de gobernar; una la de la Generalitat gobernada por el Partido Popular, que apuesta por Gandia, y la otra la del continuismo, la desaz\u00f3n y los anuncios que nunca llegan a nada del gobierno de Prieto, del gobierno socialista y&nbsp;nacionalista&#8221;.<\/p>\n","protected":false},"excerpt":{"rendered":"<p>El Grupo Municipal Popular se ha congratulado por la tercera visita a Gandia del President de la Generalitat, Carlos Maz\u00f3n, lo que demuestra &#8220;su compromiso adquirido en campa\u00f1a electoral con la ciudad&#8221;. Para los populares, este gesto pone de manifiesto una vez m\u00e1s que Maz\u00f3n &#8220;gobierna para todos sin sectarismos, ya que la ciudad est\u00e1&#8230;<\/p>\n","protected":false},"author":1,"featured_media":3438,"comment_status":"open","ping_status":"open","sticky":false,"template":"","format":"standard","meta":{"footnotes":""},"categories":[1,3],"tags":[],"class_list":["post-3440","post","type-post","status-publish","format-standard","has-post-thumbnail","hentry","category-actualidad","category-politica"],"_links":{"self":[{"href":"https:\/\/infogandia.es\/index.php\/wp-json\/wp\/v2\/posts\/3440","targetHints":{"allow":["GET"]}}],"collection":[{"href":"https:\/\/infogandia.es\/index.php\/wp-json\/wp\/v2\/posts"}],"about":[{"href":"https:\/\/infogandia.es\/index.php\/wp-json\/wp\/v2\/types\/post"}],"author":[{"embeddable":true,"href":"https:\/\/infogandia.es\/index.php\/wp-json\/wp\/v2\/users\/1"}],"replies":[{"embeddable":true,"href":"https:\/\/infogandia.es\/index.php\/wp-json\/wp\/v2\/comments?post=3440"}],"version-history":[{"count":1,"href":"https:\/\/infogandia.es\/index.php\/wp-json\/wp\/v2\/posts\/3440\/revisions"}],"predecessor-version":[{"id":3441,"href":"https:\/\/infogandia.es\/index.php\/wp-json\/wp\/v2\/posts\/3440\/revisions\/3441"}],"wp:featuredmedia":[{"embeddable":true,"href":"https:\/\/infogandia.es\/index.php\/wp-json\/wp\/v2\/media\/3438"}],"wp:attachment":[{"href":"https:\/\/infogandia.es\/index.php\/wp-json\/wp\/v2\/media?parent=3440"}],"wp:term":[{"taxonomy":"category","embeddable":true,"href":"https:\/\/infogandia.es\/index.php\/wp-json\/wp\/v2\/categories?post=3440"},{"taxonomy":"post_tag","embeddable":true,"href":"https:\/\/infogandia.es\/index.php\/wp-json\/wp\/v2\/tags?post=3440"}],"curies":[{"name":"wp","href":"https:\/\/api.w.org\/{rel}","templated":true}]}}