{"id":3454,"date":"2024-04-12T09:28:07","date_gmt":"2024-04-12T09:28:07","guid":{"rendered":"https:\/\/infogandia.es\/?p=3454"},"modified":"2024-04-12T09:28:07","modified_gmt":"2024-04-12T09:28:07","slug":"gandia-se-suma-al-dia-mundial-del-parkinson-con-la-lectura-de-un-manifiesto","status":"publish","type":"post","link":"https:\/\/infogandia.es\/index.php\/2024\/04\/12\/gandia-se-suma-al-dia-mundial-del-parkinson-con-la-lectura-de-un-manifiesto\/","title":{"rendered":"Gandia se suma al D\u00eda Mundial del Parkinson con la lectura de un manifiesto"},"content":{"rendered":"\n<p>La plaza Mayor de Gandia acogi\u00f3 a las 12 horas de hoy un manifiesto con motivo del D\u00eda Mundial del Parkinson.<\/p>\n\n\n\n<p>Este a\u00f1o, la presidenta de la Asociaci\u00f3n Parkinson Gandia-Safor (APGS), Mari Carmen Escriv\u00e1, ha sido la encargada de realizar la lectura. \u00c9sta ha empezado reivindicando la importancia de un diagn\u00f3stico temprano que permita que, tanto los familiares, como la persona afectada, puedan realizar un seguimiento desde el principio de la enfermedad.<\/p>\n\n\n\n<p>Adem\u00e1s, se\u00f1al\u00f3 la falta de un especialista en p\u00e1rkinson o trastornos del movimiento, as\u00ed como la de un departamento de Neurolog\u00eda en el Hospital Francesc de Borja y el alarmante tiempo de espera que puede llegar a haber entre una visita y otra.<\/p>\n\n\n\n<p>Por \u00faltimo, explic\u00f3 que \u00e9ste no es el \u00fanico problema que tienen quienes sufren este mal y exigi\u00f3 que las administraciones tengan en cuenta las soluciones que propone la APGS.<\/p>\n\n\n\n<p>Entre otras medidas, sugiri\u00f3 garantizar la financiaci\u00f3n de su movimiento asociativo y el acceso de los afectados a las terapias de rehabilitaci\u00f3n, la inclusi\u00f3n del colectivo en los procesos de toma de decisiones y la provisi\u00f3n del transporte adaptado.<\/p>\n\n\n\n<p>Al acto acudieron la concejala de Sanidad, Liduvina Gil, junto a otros miembros de la corporaci\u00f3n municipal. El balc\u00f3n del Ayuntamiento luce hoy una pancarta para visibilizar esta fecha tan importante y esta tarde, a las 20 h., se deslumbrar\u00e1 la fachada del edificio consistorial.<\/p>\n","protected":false},"excerpt":{"rendered":"<p>La plaza Mayor de Gandia acogi\u00f3 a las 12 horas de hoy un manifiesto con motivo del D\u00eda Mundial del Parkinson. Este a\u00f1o, la presidenta de la Asociaci\u00f3n Parkinson Gandia-Safor (APGS), Mari Carmen Escriv\u00e1, ha sido la encargada de realizar la lectura. \u00c9sta ha empezado reivindicando la importancia de un diagn\u00f3stico temprano que permita que,&#8230;<\/p>\n","protected":false},"author":1,"featured_media":3446,"comment_status":"open","ping_status":"open","sticky":false,"template":"","format":"standard","meta":{"footnotes":""},"categories":[1,27],"tags":[],"class_list":["post-3454","post","type-post","status-publish","format-standard","has-post-thumbnail","hentry","category-actualidad","category-sociedad"],"_links":{"self":[{"href":"https:\/\/infogandia.es\/index.php\/wp-json\/wp\/v2\/posts\/3454","targetHints":{"allow":["GET"]}}],"collection":[{"href":"https:\/\/infogandia.es\/index.php\/wp-json\/wp\/v2\/posts"}],"about":[{"href":"https:\/\/infogandia.es\/index.php\/wp-json\/wp\/v2\/types\/post"}],"author":[{"embeddable":true,"href":"https:\/\/infogandia.es\/index.php\/wp-json\/wp\/v2\/users\/1"}],"replies":[{"embeddable":true,"href":"https:\/\/infogandia.es\/index.php\/wp-json\/wp\/v2\/comments?post=3454"}],"version-history":[{"count":1,"href":"https:\/\/infogandia.es\/index.php\/wp-json\/wp\/v2\/posts\/3454\/revisions"}],"predecessor-version":[{"id":3455,"href":"https:\/\/infogandia.es\/index.php\/wp-json\/wp\/v2\/posts\/3454\/revisions\/3455"}],"wp:featuredmedia":[{"embeddable":true,"href":"https:\/\/infogandia.es\/index.php\/wp-json\/wp\/v2\/media\/3446"}],"wp:attachment":[{"href":"https:\/\/infogandia.es\/index.php\/wp-json\/wp\/v2\/media?parent=3454"}],"wp:term":[{"taxonomy":"category","embeddable":true,"href":"https:\/\/infogandia.es\/index.php\/wp-json\/wp\/v2\/categories?post=3454"},{"taxonomy":"post_tag","embeddable":true,"href":"https:\/\/infogandia.es\/index.php\/wp-json\/wp\/v2\/tags?post=3454"}],"curies":[{"name":"wp","href":"https:\/\/api.w.org\/{rel}","templated":true}]}}