{"id":3464,"date":"2024-04-12T11:02:28","date_gmt":"2024-04-12T11:02:28","guid":{"rendered":"https:\/\/infogandia.es\/?p=3464"},"modified":"2024-04-12T11:02:28","modified_gmt":"2024-04-12T11:02:28","slug":"obligados-a-movilizar-diversos-medios-aereos-por-dos-incencios-en-simat-y-barx","status":"publish","type":"post","link":"https:\/\/infogandia.es\/index.php\/2024\/04\/12\/obligados-a-movilizar-diversos-medios-aereos-por-dos-incencios-en-simat-y-barx\/","title":{"rendered":"Obligados a movilizar diversos medios a\u00e9reos por dos incencios en Simat y Barx"},"content":{"rendered":"\n<p>Este medio d\u00eda, se han desencadenaron dos incidentes que han demandado una respuesta inmediata de los equipos de emergencia en la regi\u00f3n. El primero de ellos, reportado a las 11:55 horas, ha sido un incendio forestal en Barx, generando la movilizaci\u00f3n de una serie de recursos a\u00e9reos y terrestres. Dos medios a\u00e9reos, dos dotaciones de Bomberos del Consorcio de Val\u00e8ncia, acompa\u00f1ados de dos autobombas y tres unidades de Bomberos Forestales de la Generalitat Valenciana, una de ellas transportada por helic\u00f3ptero, han sido despachados hacia la zona afectada.<\/p>\n\n\n\n<p>Posteriormente, a las 12:15 horas, se ha identificado un segundo incendio, esta vez de vegetaci\u00f3n, en Simat de la Valldigna.<\/p>\n\n\n\n<p>En respuesta a este nuevo desaf\u00edo, se han enviado dos medios a\u00e9reos adicionales, acompa\u00f1ados de dos autobombas y dos unidades de Bomberos Forestales de la Generalitat Valenciana, para sumarse a las labores de control y extinci\u00f3n en la zona afectada.<\/p>\n\n\n\n<p>Es importante destacar que debido a la proximidad de estos incidentes con zonas residenciales, el 112 ha establecido la situaci\u00f3n 1 del Plan Especial de Incendios Forestales como medida preventiva, garantizando as\u00ed una respuesta coordinada y efectiva ante cualquier posible riesgo para las viviendas cercanas.<\/p>\n","protected":false},"excerpt":{"rendered":"<p>Este medio d\u00eda, se han desencadenaron dos incidentes que han demandado una respuesta inmediata de los equipos de emergencia en la regi\u00f3n. El primero de ellos, reportado a las 11:55 horas, ha sido un incendio forestal en Barx, generando la movilizaci\u00f3n de una serie de recursos a\u00e9reos y terrestres. Dos medios a\u00e9reos, dos dotaciones de&#8230;<\/p>\n","protected":false},"author":1,"featured_media":3465,"comment_status":"open","ping_status":"open","sticky":false,"template":"","format":"standard","meta":{"footnotes":""},"categories":[1,27],"tags":[],"class_list":["post-3464","post","type-post","status-publish","format-standard","has-post-thumbnail","hentry","category-actualidad","category-sociedad"],"_links":{"self":[{"href":"https:\/\/infogandia.es\/index.php\/wp-json\/wp\/v2\/posts\/3464","targetHints":{"allow":["GET"]}}],"collection":[{"href":"https:\/\/infogandia.es\/index.php\/wp-json\/wp\/v2\/posts"}],"about":[{"href":"https:\/\/infogandia.es\/index.php\/wp-json\/wp\/v2\/types\/post"}],"author":[{"embeddable":true,"href":"https:\/\/infogandia.es\/index.php\/wp-json\/wp\/v2\/users\/1"}],"replies":[{"embeddable":true,"href":"https:\/\/infogandia.es\/index.php\/wp-json\/wp\/v2\/comments?post=3464"}],"version-history":[{"count":1,"href":"https:\/\/infogandia.es\/index.php\/wp-json\/wp\/v2\/posts\/3464\/revisions"}],"predecessor-version":[{"id":3466,"href":"https:\/\/infogandia.es\/index.php\/wp-json\/wp\/v2\/posts\/3464\/revisions\/3466"}],"wp:featuredmedia":[{"embeddable":true,"href":"https:\/\/infogandia.es\/index.php\/wp-json\/wp\/v2\/media\/3465"}],"wp:attachment":[{"href":"https:\/\/infogandia.es\/index.php\/wp-json\/wp\/v2\/media?parent=3464"}],"wp:term":[{"taxonomy":"category","embeddable":true,"href":"https:\/\/infogandia.es\/index.php\/wp-json\/wp\/v2\/categories?post=3464"},{"taxonomy":"post_tag","embeddable":true,"href":"https:\/\/infogandia.es\/index.php\/wp-json\/wp\/v2\/tags?post=3464"}],"curies":[{"name":"wp","href":"https:\/\/api.w.org\/{rel}","templated":true}]}}