{"id":3478,"date":"2024-04-15T20:45:57","date_gmt":"2024-04-15T20:45:57","guid":{"rendered":"https:\/\/infogandia.es\/?p=3478"},"modified":"2024-04-15T20:45:58","modified_gmt":"2024-04-15T20:45:58","slug":"una-placa-a-los-pies-del-monduver-recordara-a-los-seis-montaneros-de-gandia-muertos-en-gredos","status":"publish","type":"post","link":"https:\/\/infogandia.es\/index.php\/2024\/04\/15\/una-placa-a-los-pies-del-monduver-recordara-a-los-seis-montaneros-de-gandia-muertos-en-gredos\/","title":{"rendered":"Una placa a los pies del Mond\u00faver recordar\u00e1 a los seis monta\u00f1eros de Gandia muertos en Gredos"},"content":{"rendered":"\n<p>Un 14 de abril, pero de 1979, Maite Vilaplana, Pep Camarena, Carlos Rom\u00e1n, Ignacio Hern\u00e1ndez, Juanjo y Ximo Mart\u00ednez murieron sepultados por un alud que les sorprendi\u00f3 mientras dorm\u00edan en las tiendas de campa\u00f1a en medio de una ruta en la sierra de Gredos, cerca de Guisando, \u00c1vila. Los seis j\u00f3venes de Gandia, de entre 18 y 25 a\u00f1os y Esteban Altieri, otro monta\u00f1ero madrile\u00f1o que tambi\u00e9n se encontraba en la zona, perdieron la vida por el desprendimiento.<\/p>\n\n\n\n<p>45 a\u00f1os despu\u00e9s del tr\u00e1gico accidente, familiares, amigos, el Ayuntamiento de Gandia, miembros del Centro Excursionista, del colectivo A un Tiro de Piedra y del Club Alpino de Gandia han instalado una placa conmemorativa en el Centro de Interpretaci\u00f3n del paraje natural Parpall\u00f3-Borrell. Este s\u00edmbolo a los pies del Mond\u00faver en recuerdo de los seis monta\u00f1eros se a\u00f1ade a otro id\u00e9ntico que hace un a\u00f1o los propios colectivos instalaron en Guisando, el municipio m\u00e1s cercano al lugar del accidente.<\/p>\n\n\n\n<p>Un dispositivo de m\u00e1s de 200 personas trat\u00f3 sin \u00e9xito salvar la vida de los siete monta\u00f1eros<\/p>\n\n\n\n<p>El alud, que se produjo tras un fuerte incremento de las temperaturas, provoc\u00f3 acumulados de nieve de m\u00e1s de diez metros de profundidad en algunos puntos de la Apretura de Los Galayos. Dos personas que acompa\u00f1aban al madrile\u00f1o Esteban Altieri, de 18 a\u00f1os, en una ruta hacia el refugio Victory presenciaron impotentes c\u00f3mo la nieve enterraba a su amigo.<\/p>\n\n\n\n<p>Tras el aviso de los dos j\u00f3venes que lograron escapar de ser sepultados, se puso en marcha el dispositivo de b\u00fasqueda del joven monta\u00f1ero desaparecido. Fue el mismo grupo de rescate el que poco despu\u00e9s descubri\u00f3 que en el aparcamiento de Nogal del Barranco, lugar de partida de las excursiones que suben hacia el refugio Victory y Los Galayos, hab\u00eda dos coches matr\u00edcula de Valencia. En los veh\u00edculos hab\u00edan llegado a Gredos seis monta\u00f1eros gandienses a los que su familia ech\u00f3 de menos, ya que no hab\u00edan regresado en la fecha prevista y no hab\u00edan recibido ninguna noticia de ellos.<\/p>\n\n\n\n<p>M\u00e1s de 200 personas se movilizaron entonces para localizar a los siete j\u00f3venes, entre ellas monta\u00f1eros avileses, miembros de la Guardia Civil, la Unidad Alpina de Cruz Roja y un helic\u00f3ptero del Servicio A\u00e9reo de Rescate. Ocho d\u00edas despu\u00e9s de que se produjo el alud, el operativo localiz\u00f3 los siete cad\u00e1veres que la nieve hab\u00eda enterrado. A los seis gandienses la nieve les sorprendi\u00f3 mientras dorm\u00edan en las tiendas de campa\u00f1a.<br>Ahora, dos placas conmemorativas rinden homenaje a la memoria &#8220;de los seis de Gandia&#8221;, como les dicen cari\u00f1osamente los aficionados de la monta\u00f1a, con la frase: &#8220;lo que amamos nos hace ser como somos, nos hace sentir y nos hace ser libres&#8221; .<\/p>\n","protected":false},"excerpt":{"rendered":"<p>Una placa a los pies del Mond\u00faver recordar\u00e1 a los seis monta\u00f1eros de Gandia muertos en Gredos.<\/p>\n","protected":false},"author":1,"featured_media":3469,"comment_status":"open","ping_status":"open","sticky":false,"template":"","format":"standard","meta":{"footnotes":""},"categories":[1,27],"tags":[],"class_list":["post-3478","post","type-post","status-publish","format-standard","has-post-thumbnail","hentry","category-actualidad","category-sociedad"],"_links":{"self":[{"href":"https:\/\/infogandia.es\/index.php\/wp-json\/wp\/v2\/posts\/3478","targetHints":{"allow":["GET"]}}],"collection":[{"href":"https:\/\/infogandia.es\/index.php\/wp-json\/wp\/v2\/posts"}],"about":[{"href":"https:\/\/infogandia.es\/index.php\/wp-json\/wp\/v2\/types\/post"}],"author":[{"embeddable":true,"href":"https:\/\/infogandia.es\/index.php\/wp-json\/wp\/v2\/users\/1"}],"replies":[{"embeddable":true,"href":"https:\/\/infogandia.es\/index.php\/wp-json\/wp\/v2\/comments?post=3478"}],"version-history":[{"count":1,"href":"https:\/\/infogandia.es\/index.php\/wp-json\/wp\/v2\/posts\/3478\/revisions"}],"predecessor-version":[{"id":3479,"href":"https:\/\/infogandia.es\/index.php\/wp-json\/wp\/v2\/posts\/3478\/revisions\/3479"}],"wp:featuredmedia":[{"embeddable":true,"href":"https:\/\/infogandia.es\/index.php\/wp-json\/wp\/v2\/media\/3469"}],"wp:attachment":[{"href":"https:\/\/infogandia.es\/index.php\/wp-json\/wp\/v2\/media?parent=3478"}],"wp:term":[{"taxonomy":"category","embeddable":true,"href":"https:\/\/infogandia.es\/index.php\/wp-json\/wp\/v2\/categories?post=3478"},{"taxonomy":"post_tag","embeddable":true,"href":"https:\/\/infogandia.es\/index.php\/wp-json\/wp\/v2\/tags?post=3478"}],"curies":[{"name":"wp","href":"https:\/\/api.w.org\/{rel}","templated":true}]}}