{"id":3480,"date":"2024-04-15T20:47:11","date_gmt":"2024-04-15T20:47:11","guid":{"rendered":"https:\/\/infogandia.es\/?p=3480"},"modified":"2024-04-15T20:47:11","modified_gmt":"2024-04-15T20:47:11","slug":"prieto-lleva-a-cabo-la-primera-remodelacion-del-gobierno-de-gandia-en-esta-legislatura","status":"publish","type":"post","link":"https:\/\/infogandia.es\/index.php\/2024\/04\/15\/prieto-lleva-a-cabo-la-primera-remodelacion-del-gobierno-de-gandia-en-esta-legislatura\/","title":{"rendered":"Prieto lleva a cabo la primera remodelaci\u00f3n del Gobierno de Gandia en esta legislatura"},"content":{"rendered":"\n<p>El alcalde de Gandia, Jos\u00e9 Manuel Prieto, ha anunciado esta ma\u00f1ana la primera remodelaci\u00f3n del Gobierno local, que afecta fundamentalmente al \u00e1rea de Urbanismo que dirige el concejal Vicent Mascarell. Prieto ha decidido ceder el departamento de Vivienda al tambi\u00e9n concejal socialista Salvador Gregori, que ha llevado a cabo muchas gestiones en ese campo, y entrega a Lydia Morant, responsable de Seguridad, las competencias en materia de Tr\u00e1fico y Movilidad, que tambi\u00e9n estaban incluidas en la gran \u00e1rea que dirig\u00eda Mascarell.<\/p>\n\n\n\n<p>Estos cambios se producen despu\u00e9s de que Vicent Mascarell haya asumido la secretar\u00eda de Organizaci\u00f3n del PSPV en el \u00faltimo congreso de Benic\u00e0ssim, donde la tambi\u00e9n gandiense y ministra de Ciencia, Innovaci\u00f3n y Universidades, Diana Morant, ha sido elegida secretaria general de la formaci\u00f3n.<\/p>\n\n\n\n<p>De esa manera, y teniendo en cuenta que Mascarell va a necesitar m\u00e1s tiempo para funciones org\u00e1nicas en el partido, Prieto, de mutuo acuerdo con el concejal, le retira algunos campos de gesti\u00f3n en el Ayuntamiento de Gandia. Pese a eso, Mascarell mantiene las comptencias en materia de Planificaci\u00f3n Urban\u00edstica y las licencias de actividad. De la misma manera, mantiene el cargo de diputado, en la oposici\u00f3n, en la Diputaci\u00f3n de Val\u00e8ncia.<\/p>\n\n\n\n<p>El alcalde ha se\u00f1alado que estos &#8220;cambios m\u00ednimos&#8221; del Gobierno local van a permitir, por una parte, desplegar en toda su envergadura el Plan de Vivienda que anunci\u00f3 recientemente en una comparecencia con Mascarell y Gregori y que tiene por objetivo impulsar medidas para la construcci\u00f3n de viviendas, tanto de promoci\u00f3n p\u00fablica como privada, y sacar al mercado pisos que estos momentos est\u00e1n vac\u00edos. Entre las actuaciones anunciadas figura una pionera que consiste en garantizar a los propietarios el cobro de las mensualidades de alquiler mediante la contrataci\u00f3n de un seguro que llevar\u00eda a cabo el propio ayuntamiento, porque se ha constatado que muchos due\u00f1os evitan poner el inmueble en alquiler por temor a dejar de percibir el dinero o a tener problemas con los inquilinos. En definitiva, movilizar los activos que ahora no se est\u00e1n usando para rebajar en la medida de lo posible los elevados precios del alquiler que sufre Gandia y que dejan a cientos de personas y de familias de recursos econ\u00f3micos limitados sin acceso a una vivienda digna.<\/p>\n\n\n\n<p>En segundo lugar, y respecto al \u00e1rea de Movilidad y Tr\u00e1fico que ahora asume Lydia Morant, uno de los objetivos de la legislatura es la nueva contrata del transporte p\u00fablico urbano de Gandia, que supondr\u00e1 la mejora del servicio del Urbanet, y las nuevas licencias de taxi para incrementar el n\u00famero de operadores. Este pasado verano hubo muchas quejas de usuarios que ten\u00edan que esperar incluso horas para acceder a un taxi.<\/p>\n","protected":false},"excerpt":{"rendered":"<p>El alcalde de Gandia, Jos\u00e9 Manuel Prieto, ha anunciado esta ma\u00f1ana la primera remodelaci\u00f3n del Gobierno local, que afecta fundamentalmente al \u00e1rea de Urbanismo que dirige el concejal Vicent Mascarell. Prieto ha decidido ceder el departamento de Vivienda al tambi\u00e9n concejal socialista Salvador Gregori, que ha llevado a cabo muchas gestiones en ese campo, y&#8230;<\/p>\n","protected":false},"author":1,"featured_media":3468,"comment_status":"open","ping_status":"open","sticky":false,"template":"","format":"standard","meta":{"footnotes":""},"categories":[1,3],"tags":[],"class_list":["post-3480","post","type-post","status-publish","format-standard","has-post-thumbnail","hentry","category-actualidad","category-politica"],"_links":{"self":[{"href":"https:\/\/infogandia.es\/index.php\/wp-json\/wp\/v2\/posts\/3480","targetHints":{"allow":["GET"]}}],"collection":[{"href":"https:\/\/infogandia.es\/index.php\/wp-json\/wp\/v2\/posts"}],"about":[{"href":"https:\/\/infogandia.es\/index.php\/wp-json\/wp\/v2\/types\/post"}],"author":[{"embeddable":true,"href":"https:\/\/infogandia.es\/index.php\/wp-json\/wp\/v2\/users\/1"}],"replies":[{"embeddable":true,"href":"https:\/\/infogandia.es\/index.php\/wp-json\/wp\/v2\/comments?post=3480"}],"version-history":[{"count":1,"href":"https:\/\/infogandia.es\/index.php\/wp-json\/wp\/v2\/posts\/3480\/revisions"}],"predecessor-version":[{"id":3481,"href":"https:\/\/infogandia.es\/index.php\/wp-json\/wp\/v2\/posts\/3480\/revisions\/3481"}],"wp:featuredmedia":[{"embeddable":true,"href":"https:\/\/infogandia.es\/index.php\/wp-json\/wp\/v2\/media\/3468"}],"wp:attachment":[{"href":"https:\/\/infogandia.es\/index.php\/wp-json\/wp\/v2\/media?parent=3480"}],"wp:term":[{"taxonomy":"category","embeddable":true,"href":"https:\/\/infogandia.es\/index.php\/wp-json\/wp\/v2\/categories?post=3480"},{"taxonomy":"post_tag","embeddable":true,"href":"https:\/\/infogandia.es\/index.php\/wp-json\/wp\/v2\/tags?post=3480"}],"curies":[{"name":"wp","href":"https:\/\/api.w.org\/{rel}","templated":true}]}}