{"id":3511,"date":"2024-04-17T16:02:04","date_gmt":"2024-04-17T16:02:04","guid":{"rendered":"https:\/\/infogandia.es\/?p=3511"},"modified":"2024-04-17T16:02:04","modified_gmt":"2024-04-17T16:02:04","slug":"gandia-acoge-este-sabado-la-xvi-edicion-del-trofeo-jose-ma-angel-pitet","status":"publish","type":"post","link":"https:\/\/infogandia.es\/index.php\/2024\/04\/17\/gandia-acoge-este-sabado-la-xvi-edicion-del-trofeo-jose-ma-angel-pitet\/","title":{"rendered":"Gandia acoge este s\u00e1bado la XVI edici\u00f3n del Trofeo Jos\u00e9 M\u00aa \u00c1ngel &#8216;Pitet&#8217;"},"content":{"rendered":"\n<p>El concejal de Deportes, Jes\u00fas Naveiro y la presidenta del Club de Nataci\u00f3n y Deportes de Gand\u00eda (NIE), Pilar Mart\u00ed, presentaron hoy la XVI edici\u00f3n del Trofeo Jos\u00e9 M\u00aa \u00c1ngel Pitet.<\/p>\n\n\n\n<p>En la rueda de prensa tambi\u00e9n estuvo presente Idoya \u00c1ngel, hija de Jos\u00e9 M\u00aa \u00c1ngel &#8216;Pitet&#8217;. &#8220;Que el recuerdo de mi padre siga vivo gracias a este trofeo significa much\u00edsimo para m\u00ed. Siempre fue un gran amante de la nataci\u00f3n, empez\u00f3 a nadar antes de la Guerra y acab\u00f3 convirti\u00e9ndose en entrenador nacional&#8221;, se\u00f1al\u00f3 .<\/p>\n\n\n\n<p>La competici\u00f3n se celebrar\u00e1 este s\u00e1bado, 20 de abril, en la piscina municipal de Gandia y contar\u00e1 con diferentes modalidades, algunas de las cuales ser\u00e1n individuales y otras de relevo por equipos. Los deportistas competir\u00e1n en seis calles de 25 metros y cada prueba se cronometrar\u00e1 de forma manual.<\/p>\n\n\n\n<p>En cuanto a las categor\u00edas, los nadadores ser\u00e1n prebenjamines, benjamines o alevines. &#8220;Esta prueba es especial porque se enfoca a los m\u00e1s peque\u00f1os. Aqu\u00ed demostrar\u00e1n, no s\u00f3lo su talento, sino tambi\u00e9n el esfuerzo y la pasi\u00f3n que dedican a la nataci\u00f3n desde peque\u00f1os. M\u00e1s que una competici\u00f3n, dir\u00eda que es un espect\u00e1culo , en cuanto invite a todo el mundo a unirse ya disfrutar del evento&#8221;, ha comentado Naveiro.<\/p>\n\n\n\n<p>Los nadadores y nadadoras podr\u00e1n participar, como m\u00e1ximo, en cuatro modalidades dentro de su nivel. Adem\u00e1s de competir en una o dos pruebas de su elecci\u00f3n, los que nacieron en 2013 har\u00e1n, obligatoriamente, los 400m libres y 200m de braza, mientras que los nacidos en 2014 recorrer\u00e1n los 200m libres y los 100m d espalda.<\/p>\n\n\n\n<p>Las diferentes modalidades (espalda, mariposa, braza, relieve, etc.) se dividir\u00e1n en cuatro sesiones: dos primeras por la ma\u00f1ana, que empezar\u00e1n a las 10 y terminar\u00e1n a las 13 horas, y dos m\u00e1s por la tarde, que arrancar\u00e1n a las 17 y terminar\u00e1n a las 20 horas. Los deportistas tendr\u00e1n que acudir a las 8.30 ya las 15.30 horas, respectivamente.<\/p>\n\n\n\n<p>Antes de la primera sesi\u00f3n, los m\u00e1s peque\u00f1os, que no entran en la categor\u00eda de prebenjamines, pero ya tienen cinco a\u00f1os, realizar\u00e1n una exhibici\u00f3n en la que nadar\u00e1n 25 metros. &#8220;Queremos inculcar el esp\u00edritu de la nataci\u00f3n y de la competici\u00f3n desde el principio&#8221;, ha mencionado Mart\u00ed.<\/p>\n\n\n\n<p>En cuanto a los premios, se entregar\u00e1n medallas a los tres primeros clasificados por categor\u00eda en cada prueba individual ya los tres primeros equipos de las pruebas de relevos. En caso de empate, la clasificaci\u00f3n se decidir\u00e1 atendiendo al mayor n\u00famero de primeros puestos obtenidos.<\/p>\n\n\n\n<p>Sobre la participaci\u00f3n, la presidenta del NIE ha destacado que este a\u00f1o se han presentado ocho equipos de la Comunitat Valenciana y que el m\u00e1s numeroso ser\u00e1 precisamente el de Gandia, que cuenta con 46 deportistas. En total, se reunir\u00e1n 135 participantes, 74 de los cuales ser\u00e1n ni\u00f1os y 61 ni\u00f1as.<\/p>\n\n\n\n<p>Por su parte, el edil record\u00f3 que esta prueba atraer\u00e1 a personas que generar\u00e1n un impacto positivo en la econom\u00eda, ya que algunos pernoctar\u00e1n la noche anterior o la de la prueba en la ciudad o la playa. &#8220;Estamos hablando de 135 ni\u00f1os, por lo que alrededor de 120 personas podr\u00edan pernoctar en el municipio. Una vez m\u00e1s, el Ayuntamiento apuesta por un evento deportivo que favorece, tanto el comercio, como el binomio deporte-turismo y atrae a numerosos visitantes&#8221; , ha se\u00f1alado.<\/p>\n\n\n\n<p>Por \u00faltimo, Mart\u00ed ha agradecido todo el apoyo que ha recibido por parte del Ayuntamiento y ha animado a toda la ciudadan\u00eda a disfrutar de la prueba.<\/p>\n","protected":false},"excerpt":{"rendered":"<p>El concejal de Deportes, Jes\u00fas Naveiro y la presidenta del Club de Nataci\u00f3n y Deportes de Gand\u00eda (NIE), Pilar Mart\u00ed, presentaron hoy la XVI edici\u00f3n del Trofeo Jos\u00e9 M\u00aa \u00c1ngel Pitet. En la rueda de prensa tambi\u00e9n estuvo presente Idoya \u00c1ngel, hija de Jos\u00e9 M\u00aa \u00c1ngel &#8216;Pitet&#8217;. &#8220;Que el recuerdo de mi padre siga vivo&#8230;<\/p>\n","protected":false},"author":1,"featured_media":3504,"comment_status":"open","ping_status":"open","sticky":false,"template":"","format":"standard","meta":{"footnotes":""},"categories":[1,4],"tags":[],"class_list":["post-3511","post","type-post","status-publish","format-standard","has-post-thumbnail","hentry","category-actualidad","category-deporte"],"_links":{"self":[{"href":"https:\/\/infogandia.es\/index.php\/wp-json\/wp\/v2\/posts\/3511","targetHints":{"allow":["GET"]}}],"collection":[{"href":"https:\/\/infogandia.es\/index.php\/wp-json\/wp\/v2\/posts"}],"about":[{"href":"https:\/\/infogandia.es\/index.php\/wp-json\/wp\/v2\/types\/post"}],"author":[{"embeddable":true,"href":"https:\/\/infogandia.es\/index.php\/wp-json\/wp\/v2\/users\/1"}],"replies":[{"embeddable":true,"href":"https:\/\/infogandia.es\/index.php\/wp-json\/wp\/v2\/comments?post=3511"}],"version-history":[{"count":1,"href":"https:\/\/infogandia.es\/index.php\/wp-json\/wp\/v2\/posts\/3511\/revisions"}],"predecessor-version":[{"id":3512,"href":"https:\/\/infogandia.es\/index.php\/wp-json\/wp\/v2\/posts\/3511\/revisions\/3512"}],"wp:featuredmedia":[{"embeddable":true,"href":"https:\/\/infogandia.es\/index.php\/wp-json\/wp\/v2\/media\/3504"}],"wp:attachment":[{"href":"https:\/\/infogandia.es\/index.php\/wp-json\/wp\/v2\/media?parent=3511"}],"wp:term":[{"taxonomy":"category","embeddable":true,"href":"https:\/\/infogandia.es\/index.php\/wp-json\/wp\/v2\/categories?post=3511"},{"taxonomy":"post_tag","embeddable":true,"href":"https:\/\/infogandia.es\/index.php\/wp-json\/wp\/v2\/tags?post=3511"}],"curies":[{"name":"wp","href":"https:\/\/api.w.org\/{rel}","templated":true}]}}