{"id":3513,"date":"2024-04-17T16:03:48","date_gmt":"2024-04-17T16:03:48","guid":{"rendered":"https:\/\/infogandia.es\/?p=3513"},"modified":"2024-04-17T16:03:48","modified_gmt":"2024-04-17T16:03:48","slug":"som-musica-reune-900-ninas-y-ninos-en-la-plaza-de-la-salut-de-rois-de-corella","status":"publish","type":"post","link":"https:\/\/infogandia.es\/index.php\/2024\/04\/17\/som-musica-reune-900-ninas-y-ninos-en-la-plaza-de-la-salut-de-rois-de-corella\/","title":{"rendered":"&#8216;Som m\u00fasica&#8217; re\u00fane 900 ni\u00f1as y ni\u00f1os en la plaza de la Salut de Ro\u00eds de Corella"},"content":{"rendered":"\n<p>\u201cLa magia de este proyecto, radica por un lado en la transversalidad de la materia en la que se centra, la m\u00fasica, en la originalidad y la innovaci\u00f3n en la que este proyecto la hace llegar a los maestros y a trav\u00e9s de ellos a los ni\u00f1os. Y en la metodolog\u00eda colaborativa que utiliza, la cual consigue al mismo tiempo que forma a los maestros, propiciar un espacio de encuentro, de intercambio de experiencias, de cohesi\u00f3n entre cada uno de los especialistas que participan\u201d, ha explicado Esther Sapena.<\/p>\n\n\n\n<p>Un proyecto de ciudad, que utiliza la m\u00fasica como punto de encuentro y de acci\u00f3n creativa, seg\u00fan ha indicado Carb\u00f3: \u201cEl proyecto tiene tres objetivos: transmitir la idea que todo el mundo podemos hacer m\u00fasica, reivindicar el hecho musical; con cualquier objeto cotidiano, que se puede transformar en instrumento. Finalmente, es una excusa para encontrarnos y hacer m\u00fasica, hacer alboroto juntos para romper la monoton\u00eda a trav\u00e9s del hecho musical\u201d.<\/p>\n\n\n\n<p>Por su parte, Sirerol ha destacado la implicaci\u00f3n del profesorado de los centros educativos, al cual se ha estado formando desde About the Beat. \u201cPensamos que una manera de hacer m\u00fasica diferente es posible, donde todo el mundo puede participar. De hecho, estar\u00e1 el alumnado del CEE Enric Valor. La m\u00fasica es tambi\u00e9n una forma de relacionarse\u201d.<\/p>\n\n\n\n<p>\u201cEl acontecimiento del jueves, no es m\u00e1s que el resultado del esfuerzo de los centros educativos, encabezados por sus especialistas en m\u00fasica, del alumnado y de todo un colectivo docente que d\u00eda a d\u00eda contin\u00faa reivindicando y reclamando el necesario reconocimiento a la importancia de la formaci\u00f3n musical en el programa educativo y de la m\u00fasica en general para ser feliz en la vida\u201d, ha finalizado la concejala de Educaci\u00f3n.<\/p>\n","protected":false},"excerpt":{"rendered":"<p>&#8216;Som m\u00fasica&#8217; re\u00fane 900 ni\u00f1as y ni\u00f1os en la plaza de la Salut de Ro\u00eds de Corella<\/p>\n","protected":false},"author":1,"featured_media":3514,"comment_status":"open","ping_status":"open","sticky":false,"template":"","format":"standard","meta":{"footnotes":""},"categories":[1,27],"tags":[],"class_list":["post-3513","post","type-post","status-publish","format-standard","has-post-thumbnail","hentry","category-actualidad","category-sociedad"],"_links":{"self":[{"href":"https:\/\/infogandia.es\/index.php\/wp-json\/wp\/v2\/posts\/3513","targetHints":{"allow":["GET"]}}],"collection":[{"href":"https:\/\/infogandia.es\/index.php\/wp-json\/wp\/v2\/posts"}],"about":[{"href":"https:\/\/infogandia.es\/index.php\/wp-json\/wp\/v2\/types\/post"}],"author":[{"embeddable":true,"href":"https:\/\/infogandia.es\/index.php\/wp-json\/wp\/v2\/users\/1"}],"replies":[{"embeddable":true,"href":"https:\/\/infogandia.es\/index.php\/wp-json\/wp\/v2\/comments?post=3513"}],"version-history":[{"count":1,"href":"https:\/\/infogandia.es\/index.php\/wp-json\/wp\/v2\/posts\/3513\/revisions"}],"predecessor-version":[{"id":3516,"href":"https:\/\/infogandia.es\/index.php\/wp-json\/wp\/v2\/posts\/3513\/revisions\/3516"}],"wp:featuredmedia":[{"embeddable":true,"href":"https:\/\/infogandia.es\/index.php\/wp-json\/wp\/v2\/media\/3514"}],"wp:attachment":[{"href":"https:\/\/infogandia.es\/index.php\/wp-json\/wp\/v2\/media?parent=3513"}],"wp:term":[{"taxonomy":"category","embeddable":true,"href":"https:\/\/infogandia.es\/index.php\/wp-json\/wp\/v2\/categories?post=3513"},{"taxonomy":"post_tag","embeddable":true,"href":"https:\/\/infogandia.es\/index.php\/wp-json\/wp\/v2\/tags?post=3513"}],"curies":[{"name":"wp","href":"https:\/\/api.w.org\/{rel}","templated":true}]}}