{"id":3519,"date":"2024-04-17T16:05:25","date_gmt":"2024-04-17T16:05:25","guid":{"rendered":"https:\/\/infogandia.es\/?p=3519"},"modified":"2024-04-17T16:05:25","modified_gmt":"2024-04-17T16:05:25","slug":"la-generalitat-se-compromete-a-asumir-la-construccion-del-ies-jaume-ii-el-just-de-tavernes","status":"publish","type":"post","link":"https:\/\/infogandia.es\/index.php\/2024\/04\/17\/la-generalitat-se-compromete-a-asumir-la-construccion-del-ies-jaume-ii-el-just-de-tavernes\/","title":{"rendered":"La Generalitat se compromete a asumir la construcci\u00f3n del IES Jaume II El Just de Tavernes"},"content":{"rendered":"\n<p>La alcaldesa de Tavernes de la Valldigna, Lara Romero Giner, ha agradecido el compromiso del director general para ir de la mano e impulsar los proyectos de reforma y mejora de los centros educativos, puesto que son necesarias estas actuaciones para el bienestar tanto de los alumnos como de los profesores.<\/p>\n\n\n\n<p>El consistorio vallero y el director general han acordado, como se propuso hace unas semanas en una reuni\u00f3n en la propia conselleria de Educaci\u00f3n, anular la delegaci\u00f3n de competencias que tiene el ayuntamiento para sacar adelante el proyecto incluido en el Pla Edificant.<\/p>\n\n\n\n<p>Con la nueva propuesta ser\u00e1 la Generalitat Valenciana qui\u00e9n asuma de forma directa la reforma del centro educativo y se encargue de la obra. Una decisi\u00f3n en que tambi\u00e9n se ha aceptado la propuesta hecha por el Gobierno de Tavernes de no derribar el edificio, sino rehabilitarlo. De esa manera no ser\u00e1 necesario el traslado de los alumnos mientras duran las obras, sino que podr\u00e1 hacerse hacer fases e ir reubicando a los estudiantes seg\u00fan las necesidades.<\/p>\n\n\n\n<p>El director general de Infraestructuras Educativas ha se\u00f1alado que el objetivo de la conselleria es mantener el cronograma previsto inicialmente por el consistorio y que, en 4 a\u00f1os, se pueda hacer la licitaci\u00f3n del proyecto y la rehabilitaci\u00f3n del instituto Jaume II El Just.<\/p>\n\n\n\n<p>Tambi\u00e9n en la reuni\u00f3n se han tratado el estado actual de los proyectos del CEIP San Miquel y las mejoras en el IES La Valldigna. El ayuntamiento ya tiene el proyecto del colegio hecho y preparada la solera en la ubicaci\u00f3n donde ir\u00e1n las aulas prefabricadas. El objetivo es poder hacer el traslado del mobiliario y material escolar a este lugar con la m\u00e1xima celeridad posible para que el pr\u00f3ximo curso escolar puedan comenzar all\u00ed las clases. El director general ha afirmado que en las pr\u00f3ximas semanas el ayuntamiento dispondr\u00e1 del dinero para poder licitar las obras y hacer los tr\u00e1mites el m\u00e1s r\u00e1pido posible.<\/p>\n\n\n\n<p>La alcaldesa Lara Romero ha agradecido el compromiso del director general por ir de la mano e impulsar los proyectos de reforma y mejora de los centros educativos, puesto que son necesarias estas actuaciones para el bienestar tanto del alumnado como del profesorado.<\/p>\n\n\n\n<p>En la reuni\u00f3n en el ayuntamiento han estado presentes la alcaldesa Lara Romero; el edil de Obras P\u00fablicas, Josep Ll\u00e0cer; y los portavoces de los grupos municipales del consistorio, adem\u00e1s de los equipos directivos del IES Jaume II El Just; el IES La Valldigna y el CEIP San Miquel. Tras la reuni\u00f3n, el director general de Infraestructuras Educativas ha visitado el Jaume II El Just para conocer el edificio que ser\u00e1 rehabilitado.<\/p>\n","protected":false},"excerpt":{"rendered":"<p>La Generalitat se compromete a asumir la construcci\u00f3n del IES Jaume II El Just de Tavernes<\/p>\n","protected":false},"author":1,"featured_media":3507,"comment_status":"open","ping_status":"open","sticky":false,"template":"","format":"standard","meta":{"footnotes":""},"categories":[1,3],"tags":[],"class_list":["post-3519","post","type-post","status-publish","format-standard","has-post-thumbnail","hentry","category-actualidad","category-politica"],"_links":{"self":[{"href":"https:\/\/infogandia.es\/index.php\/wp-json\/wp\/v2\/posts\/3519","targetHints":{"allow":["GET"]}}],"collection":[{"href":"https:\/\/infogandia.es\/index.php\/wp-json\/wp\/v2\/posts"}],"about":[{"href":"https:\/\/infogandia.es\/index.php\/wp-json\/wp\/v2\/types\/post"}],"author":[{"embeddable":true,"href":"https:\/\/infogandia.es\/index.php\/wp-json\/wp\/v2\/users\/1"}],"replies":[{"embeddable":true,"href":"https:\/\/infogandia.es\/index.php\/wp-json\/wp\/v2\/comments?post=3519"}],"version-history":[{"count":1,"href":"https:\/\/infogandia.es\/index.php\/wp-json\/wp\/v2\/posts\/3519\/revisions"}],"predecessor-version":[{"id":3520,"href":"https:\/\/infogandia.es\/index.php\/wp-json\/wp\/v2\/posts\/3519\/revisions\/3520"}],"wp:featuredmedia":[{"embeddable":true,"href":"https:\/\/infogandia.es\/index.php\/wp-json\/wp\/v2\/media\/3507"}],"wp:attachment":[{"href":"https:\/\/infogandia.es\/index.php\/wp-json\/wp\/v2\/media?parent=3519"}],"wp:term":[{"taxonomy":"category","embeddable":true,"href":"https:\/\/infogandia.es\/index.php\/wp-json\/wp\/v2\/categories?post=3519"},{"taxonomy":"post_tag","embeddable":true,"href":"https:\/\/infogandia.es\/index.php\/wp-json\/wp\/v2\/tags?post=3519"}],"curies":[{"name":"wp","href":"https:\/\/api.w.org\/{rel}","templated":true}]}}