{"id":3530,"date":"2024-04-19T11:04:04","date_gmt":"2024-04-19T11:04:04","guid":{"rendered":"https:\/\/infogandia.es\/?p=3530"},"modified":"2024-04-19T11:04:06","modified_gmt":"2024-04-19T11:04:06","slug":"jose-manez-del-club-atletisme-gandia-alpesa-doble-medallista-nacional-de-trail-running","status":"publish","type":"post","link":"https:\/\/infogandia.es\/index.php\/2024\/04\/19\/jose-manez-del-club-atletisme-gandia-alpesa-doble-medallista-nacional-de-trail-running\/","title":{"rendered":"Jose Ma\u00f1ez, del Club Atletisme Gandia Alpesa, doble medallista nacional de Trail Running"},"content":{"rendered":"\n<p>Gran resultado de los atletas del grupo de trail del CA Gandia Alpesa tras la disputa el pasado fin de semana del Campeonato de Espa\u00f1a de trail running en las modalidades de subida vertical y trail corto. El club gandiense desplaz\u00f3 hasta Candeleda (\u00c1vila), en la sierra de Gredos, un gran n\u00famero de atletas para disputar ambos campeonatos tanto de manera individual como por clubes.<\/p>\n\n\n\n<p>Sin duda, el gran portagonista fue el gandiense Jose Ma\u00f1ez que se colgaba la medalla de plata y de bronce en las modalidades de subida vertical y trail corto de su categor\u00eda M60. Junto a \u00e9l, es destacable la gran clasificaci\u00f3n de Adrian Ivars (9\u00ba posici\u00f3n) as\u00ed como de Manel Garcia (13\u00ba posici\u00f3n) en subida vertical que junto a la actuaci\u00f3n de Fernando Ll\u00e1cer y de Sergi Sala a punto estuvieron de conseguir la medalla de bronce por clubes, clasificando al club gandiense en cuarto lugar de todo un campeonato nacional.<\/p>\n\n\n\n<p>El domingo los integrantes del club azul\u00f3n, encabezados por Manel y con Jose Davia,Pere Ferrer, Fernando Llacer, Alex Pastor, Sergi Sala, Yeray Marchanty y Jose Ma\u00f1ez lograron una meritoria posici\u00f3n n\u00famero diecis\u00e9is a nivel de clubes. En la misma carrera, la atleta Isabel Ruiz finalizaba entre las treinta mejores de su categor\u00eda en su debut en una prueba nacional.<\/p>\n\n\n\n<p>Estos grandes resultados cosechados por el grupo de trail del Club Atletisme Gandia Alpesa, a las \u00f3rdenes de Eva Polo y Arcadi Margarit, no hacen m\u00e1s que ratificar la gran apuesta por el trail running desde la entidad azulona en su tercer a\u00f1o de vida.<\/p>\n","protected":false},"excerpt":{"rendered":"<p>Gran resultado de los atletas del grupo de trail del CA Gandia Alpesa tras la disputa el pasado fin de semana del Campeonato de Espa\u00f1a de trail running en las modalidades de subida vertical y trail corto. El club gandiense desplaz\u00f3 hasta Candeleda (\u00c1vila), en la sierra de Gredos, un gran n\u00famero de atletas para&#8230;<\/p>\n","protected":false},"author":1,"featured_media":3525,"comment_status":"open","ping_status":"open","sticky":false,"template":"","format":"standard","meta":{"footnotes":""},"categories":[1,4],"tags":[],"class_list":["post-3530","post","type-post","status-publish","format-standard","has-post-thumbnail","hentry","category-actualidad","category-deporte"],"_links":{"self":[{"href":"https:\/\/infogandia.es\/index.php\/wp-json\/wp\/v2\/posts\/3530","targetHints":{"allow":["GET"]}}],"collection":[{"href":"https:\/\/infogandia.es\/index.php\/wp-json\/wp\/v2\/posts"}],"about":[{"href":"https:\/\/infogandia.es\/index.php\/wp-json\/wp\/v2\/types\/post"}],"author":[{"embeddable":true,"href":"https:\/\/infogandia.es\/index.php\/wp-json\/wp\/v2\/users\/1"}],"replies":[{"embeddable":true,"href":"https:\/\/infogandia.es\/index.php\/wp-json\/wp\/v2\/comments?post=3530"}],"version-history":[{"count":1,"href":"https:\/\/infogandia.es\/index.php\/wp-json\/wp\/v2\/posts\/3530\/revisions"}],"predecessor-version":[{"id":3531,"href":"https:\/\/infogandia.es\/index.php\/wp-json\/wp\/v2\/posts\/3530\/revisions\/3531"}],"wp:featuredmedia":[{"embeddable":true,"href":"https:\/\/infogandia.es\/index.php\/wp-json\/wp\/v2\/media\/3525"}],"wp:attachment":[{"href":"https:\/\/infogandia.es\/index.php\/wp-json\/wp\/v2\/media?parent=3530"}],"wp:term":[{"taxonomy":"category","embeddable":true,"href":"https:\/\/infogandia.es\/index.php\/wp-json\/wp\/v2\/categories?post=3530"},{"taxonomy":"post_tag","embeddable":true,"href":"https:\/\/infogandia.es\/index.php\/wp-json\/wp\/v2\/tags?post=3530"}],"curies":[{"name":"wp","href":"https:\/\/api.w.org\/{rel}","templated":true}]}}