{"id":3536,"date":"2024-04-19T11:06:03","date_gmt":"2024-04-19T11:06:03","guid":{"rendered":"https:\/\/infogandia.es\/?p=3536"},"modified":"2024-04-19T11:06:03","modified_gmt":"2024-04-19T11:06:03","slug":"gandia-se-prepara-para-la-cursa-de-la-mujer-de-este-domingo-con-la-feria-de-la-corredora","status":"publish","type":"post","link":"https:\/\/infogandia.es\/index.php\/2024\/04\/19\/gandia-se-prepara-para-la-cursa-de-la-mujer-de-este-domingo-con-la-feria-de-la-corredora\/","title":{"rendered":"Gandia se prepara para la &#8216;Cursa de la Mujer&#8217; de este domingo con la &#8216;Feria de la Corredora&#8217;"},"content":{"rendered":"\n<p>El edil delegado de Deportes, Jes\u00fas Naveiro; la concejala delegada de Comercio, Elena Moncho, y el presidente del Club de Atletismo Safor Teika, Vicent Bosc\u00e0, comparecieron hoy en rueda de prensa para recordar que este domingo, 21 de abril, ser\u00e1 la &#8216;Cursa de la Mujer&#8217; y presentar la &#8216;Feria de la Corredora&#8217;, ubicada en la plaza del Prado.<\/p>\n\n\n\n<p>La Fira ser\u00e1 el punto de encuentro de todas las mujeres inscritas para recoger la mochila donde encontrar\u00e1n los dorsales, la camiseta y una revista del evento. El espacio se inaugurar\u00e1 ma\u00f1ana, viernes 19 de abril, a las 18:30 y cerrar\u00e1 a las 21:00 horas. El s\u00e1bado abrir\u00e1 de 10.30 a 14 horas y, por la tarde, tendr\u00e1 el mismo horario que el d\u00eda anterior.<\/p>\n\n\n\n<p>Adem\u00e1s, la organizaci\u00f3n ha programado una serie de actividades que empezar\u00e1n a las 18.30 horas de ma\u00f1ana con una exhibici\u00f3n de patinaje. A las 20 horas, habr\u00e1 otra de bailes de sal\u00f3n.<\/p>\n\n\n\n<p>El s\u00e1bado a las 10.30 horas habr\u00e1 una clase de zumba, mientras que a las 12.30 horas tendr\u00e1 lugar el taller de danza a cargo de &#8216;La Delic\u00e0 de Gandia&#8217;. El programa de actividades finalizar\u00e1 a las 19 horas con la master class de salsa y bachata a cargo de la academia &#8216;Son del Timbal&#8217;.<\/p>\n\n\n\n<p>&#8220;Se trata de una iniciativa muy importante, tanto para la ciudad como para la Safor. No s\u00f3lo mueve una cantidad enorme de personas sino que, por si fuera poco, se ha convertido en un acontecimiento muy grande en el \u00e1mbito social de Gandia&#8221;, ha afirmado la concejala, quien ha reafirmado el compromiso del gobierno municipal por &#8220;todas aquellas iniciativas que ponen en valor el feminismo y la apuesta por h\u00e1bitos de vida saludables&#8221;.<\/p>\n\n\n\n<p>En cuanto a la carrera, Naveiro ha recordado que empezar\u00e1 y terminar\u00e1 en la avenida de las Esclavas, punto desde el que las participantes saldr\u00e1n a partir de las 10.30 horas, para recorrer un circuito de 5,9 kil\u00f3metros que ir\u00e1 por parte de Benirredr\u00e0 y el centro hist\u00f3rico de Gandia.<\/p>\n\n\n\n<p>&#8220;Pasar\u00e1 por lugares tan emblem\u00e1ticos como Fomento, donde habr\u00e1 un punto de avituallamiento, el Ayuntamiento, el Palacio Ducal, la plaza del Prado o el Museo Fallero&#8221;, ha comentado el concejal, quien ha calificado de &#8220;muy positivo&#8221; impacto econ\u00f3mico &#8220;de una prueba que llene la ciudad de personas durante una jornada festiva&#8221;. Tambi\u00e9n ha explicado que, a las 10 horas, habr\u00e1 un calentamiento para todas aquellas mujeres que quieran prepararse antes de salir.<\/p>\n\n\n\n<p>Al finalizar la carrera tendr\u00e1 lugar el reparto de la bolsa de la corredora a todas las participantes, la entrega de premios y un festival de zumba. Por \u00faltimo, la fiesta acabar\u00e1 con la actuaci\u00f3n del grupo Sin Comentarios.<\/p>\n\n\n\n<p>Por su parte, Bosc\u00e0 record\u00f3 que, este a\u00f1o, el dinero recaudado ir\u00e1 destinado a la Fundaci\u00f3n del Instituto Valenciano de Oncolog\u00eda que, de la mano del doctor Ignacio Romero, investiga el c\u00e1ncer de \u00fatero y lucha por acabar con la enfermedad.<\/p>\n\n\n\n<p>Adem\u00e1s, ha dado las gracias a las casi 5000 mujeres de Gandia y de la comarca que se han animado a participar este a\u00f1o. &#8220;Estamos orgullosos de haber creado expectaci\u00f3n con el cartel, con el color de las camisetas y con las actividades paralelas al evento, como el concurso de relatos cortos o entrenamientos que ha habido durante el a\u00f1o&#8221;, ha se\u00f1alado.<\/p>\n\n\n\n<p>&#8220;Como novedad, hemos puesto una exposici\u00f3n de fotos en el paseo Germanies en la que hemos rememorado las 14 ediciones de la Cursa y, en la Feria de la Corredora expondremos las camisetas oficiales, dorsales y carteles de todos los a\u00f1os&#8221;, ha a\u00f1adido.<\/p>\n\n\n\n<p>Finalmente, ha agradecido al Ayuntamiento de Gandia, al de Benirredr\u00e0 ya las empresas colaboradoras todo el apoyo que ha recibido el Club Safor Teika a la hora de poner en marcha el evento y ha animado a todas las personas a participar- hi. &#8220;Es tan importante que las mujeres se suman a la iniciativa como que los hombres las vengan a animar&#8221;, ha finalizado.<\/p>\n","protected":false},"excerpt":{"rendered":"<p>Gandia se prepara para la &#8216;Cursa de la Mujer&#8217; de este domingo con la &#8216;Feria de la Corredora&#8217;. <\/p>\n","protected":false},"author":1,"featured_media":3529,"comment_status":"open","ping_status":"open","sticky":false,"template":"","format":"standard","meta":{"footnotes":""},"categories":[1,4],"tags":[],"class_list":["post-3536","post","type-post","status-publish","format-standard","has-post-thumbnail","hentry","category-actualidad","category-deporte"],"_links":{"self":[{"href":"https:\/\/infogandia.es\/index.php\/wp-json\/wp\/v2\/posts\/3536","targetHints":{"allow":["GET"]}}],"collection":[{"href":"https:\/\/infogandia.es\/index.php\/wp-json\/wp\/v2\/posts"}],"about":[{"href":"https:\/\/infogandia.es\/index.php\/wp-json\/wp\/v2\/types\/post"}],"author":[{"embeddable":true,"href":"https:\/\/infogandia.es\/index.php\/wp-json\/wp\/v2\/users\/1"}],"replies":[{"embeddable":true,"href":"https:\/\/infogandia.es\/index.php\/wp-json\/wp\/v2\/comments?post=3536"}],"version-history":[{"count":1,"href":"https:\/\/infogandia.es\/index.php\/wp-json\/wp\/v2\/posts\/3536\/revisions"}],"predecessor-version":[{"id":3537,"href":"https:\/\/infogandia.es\/index.php\/wp-json\/wp\/v2\/posts\/3536\/revisions\/3537"}],"wp:featuredmedia":[{"embeddable":true,"href":"https:\/\/infogandia.es\/index.php\/wp-json\/wp\/v2\/media\/3529"}],"wp:attachment":[{"href":"https:\/\/infogandia.es\/index.php\/wp-json\/wp\/v2\/media?parent=3536"}],"wp:term":[{"taxonomy":"category","embeddable":true,"href":"https:\/\/infogandia.es\/index.php\/wp-json\/wp\/v2\/categories?post=3536"},{"taxonomy":"post_tag","embeddable":true,"href":"https:\/\/infogandia.es\/index.php\/wp-json\/wp\/v2\/tags?post=3536"}],"curies":[{"name":"wp","href":"https:\/\/api.w.org\/{rel}","templated":true}]}}