{"id":3580,"date":"2024-04-23T11:44:09","date_gmt":"2024-04-23T11:44:09","guid":{"rendered":"https:\/\/infogandia.es\/?p=3580"},"modified":"2024-04-23T11:44:36","modified_gmt":"2024-04-23T11:44:36","slug":"hallan-en-gandia-el-cadaver-de-una-mujer-desaparecida-hace-tres-anos","status":"publish","type":"post","link":"https:\/\/infogandia.es\/index.php\/2024\/04\/23\/hallan-en-gandia-el-cadaver-de-una-mujer-desaparecida-hace-tres-anos\/","title":{"rendered":"Hallan en Gandia el cad\u00e1ver de una mujer desaparecida hace tres a\u00f1os"},"content":{"rendered":"\n<p>Agentes de la Polic\u00eda Nacional han hallado esta ma\u00f1ana un cad\u00e1ver que podr\u00eda corresponderse con el de una mujer desaparecida en Gandia desde el a\u00f1o 2021. La desaparici\u00f3n ocurri\u00f3 el tres de agosto del 2021 cuando se denunci\u00f3 la desaparici\u00f3n de una mujer de 72 a\u00f1os tras dejar su vivienda cerrada con llave.<\/p>\n\n\n\n<p>Al parecer, la misma padec\u00eda demencia, habi\u00e9ndose desorientado en otras ocasiones anteriores. Una vez se tuvo conocimiento de su desaparici\u00f3n, se activaron varios dispositivos de b\u00fasqueda en diferentes zonas de Gandia y alrededores, contando con la colaboraci\u00f3n ciudadana.<\/p>\n\n\n\n<p>Estas batidas se prologaron durante meses, no consiguiendo dar con el paradero de la desaparecida hasta la actualidad tras haber entregado la Polic\u00eda Local de Benirredr\u00e0 el bolso que hallaron los operarios.<\/p>\n\n\n\n<p>El pasado viernes 19 de abril, a ra\u00edz del hallazgo de un bolso que conten\u00eda documentaci\u00f3n de la mujer desaparecida, mientras se realizaban trabajos de limpieza en una zona rural del municipio de Benirredr\u00e0, y que fue entregado por la Polic\u00eda Local de Benirredr\u00e0, se reactiv\u00f3 la b\u00fasqueda por parte del Grupo de Delitos Violentos de la Brigada Local de Polic\u00eda Judicial de Gandia.<\/p>\n\n\n\n<p>En la ma\u00f1ana de hoy, con apoyo de dos m\u00e1quinas desbrozadoras, se ha localizado un cad\u00e1ver en fase esquel\u00e9tica, el cual podr\u00eda tratarse de la mujer desaparecida en 2021.<\/p>\n\n\n\n<p>Tras un primer examen por parte de agentes de la Polic\u00eda Cient\u00edfica de Gandia, no se han observado indicios de violencia, a expensas de un an\u00e1lisis forense m\u00e1s exhaustivo a trav\u00e9s de la autopsia que permita confirmar tanto su identidad como las causas del fallecimiento.<\/p>\n","protected":false},"excerpt":{"rendered":"<p>Hallan en Gandia el cad\u00e1ver de una mujer desaparecida hace tres a\u00f1os. <\/p>\n","protected":false},"author":1,"featured_media":3571,"comment_status":"open","ping_status":"open","sticky":false,"template":"","format":"standard","meta":{"footnotes":""},"categories":[1,27],"tags":[],"class_list":["post-3580","post","type-post","status-publish","format-standard","has-post-thumbnail","hentry","category-actualidad","category-sociedad"],"_links":{"self":[{"href":"https:\/\/infogandia.es\/index.php\/wp-json\/wp\/v2\/posts\/3580","targetHints":{"allow":["GET"]}}],"collection":[{"href":"https:\/\/infogandia.es\/index.php\/wp-json\/wp\/v2\/posts"}],"about":[{"href":"https:\/\/infogandia.es\/index.php\/wp-json\/wp\/v2\/types\/post"}],"author":[{"embeddable":true,"href":"https:\/\/infogandia.es\/index.php\/wp-json\/wp\/v2\/users\/1"}],"replies":[{"embeddable":true,"href":"https:\/\/infogandia.es\/index.php\/wp-json\/wp\/v2\/comments?post=3580"}],"version-history":[{"count":1,"href":"https:\/\/infogandia.es\/index.php\/wp-json\/wp\/v2\/posts\/3580\/revisions"}],"predecessor-version":[{"id":3581,"href":"https:\/\/infogandia.es\/index.php\/wp-json\/wp\/v2\/posts\/3580\/revisions\/3581"}],"wp:featuredmedia":[{"embeddable":true,"href":"https:\/\/infogandia.es\/index.php\/wp-json\/wp\/v2\/media\/3571"}],"wp:attachment":[{"href":"https:\/\/infogandia.es\/index.php\/wp-json\/wp\/v2\/media?parent=3580"}],"wp:term":[{"taxonomy":"category","embeddable":true,"href":"https:\/\/infogandia.es\/index.php\/wp-json\/wp\/v2\/categories?post=3580"},{"taxonomy":"post_tag","embeddable":true,"href":"https:\/\/infogandia.es\/index.php\/wp-json\/wp\/v2\/tags?post=3580"}],"curies":[{"name":"wp","href":"https:\/\/api.w.org\/{rel}","templated":true}]}}