{"id":3584,"date":"2024-04-23T11:49:09","date_gmt":"2024-04-23T11:49:09","guid":{"rendered":"https:\/\/infogandia.es\/?p=3584"},"modified":"2024-04-23T11:50:28","modified_gmt":"2024-04-23T11:50:28","slug":"los-recortes-en-la-escuela-oficial-dejan-sin-curso-a-200-extranjeros-en-gandia","status":"publish","type":"post","link":"https:\/\/infogandia.es\/index.php\/2024\/04\/23\/los-recortes-en-la-escuela-oficial-dejan-sin-curso-a-200-extranjeros-en-gandia\/","title":{"rendered":"Los recortes en la Escuela Oficial dejan sin curso a 200 extranjeros en Gandia"},"content":{"rendered":"\n<p>La Escuela Oficial de Idiomas (EOI) de Gandia no se va a librar del cierre de aulas que ha previsto la Conselleria de Educaci\u00f3n de cara al pr\u00f3ximo curso, una decisi\u00f3n que el gobierno auton\u00f3mico justifica con la &#8220;optimizaci\u00f3n de recursos&#8221; y que est\u00e1 provocando protestas.<\/p>\n\n\n\n<p>El principal recorte en el caso de la sede ubicada en la capital de la Safor afecta especialmente a la ense\u00f1anza de espa\u00f1ol para extranjeros, la cual ver\u00e1 reducida en un total de cinco grupos. Eso significa que unas 200 personas se quedar\u00e1n sin poder matricularse el pr\u00f3ximo curso.<\/p>\n\n\n\n<p>Hasta ahora, la escuela, ubicada en la calle Jaume II, contaba con un total de 15 grupos, que albergaban hasta a 40 personas cada uno y pasar\u00e1 a 10 a partir del pr\u00f3ximo mes de septiembre. Seg\u00fan fuentes del centro, se trata, junto al ingl\u00e9s y el valenciano, de las ense\u00f1anzas con mayor demanda de la escuela. No en vano, adem\u00e1s de llenar todos los grupos incluso ampliando la ratio al m\u00e1ximo permitido, habitualmente a\u00fan se quedan muchas personas en lista de espera.<\/p>\n\n\n\n<p>En la inmensa mayor\u00eda de los casos quien se matricula en este tipo de estudios busca gozar de una mejor integraci\u00f3n pero, especialmente, conocer la lengua para mejorar su aptitudes de cara a optar en condiciones m\u00e1s igualitarias al mercado laboral. En esa cuesti\u00f3n incide precisamente el director del centro en Gandia, Joan Siscar. &#8220;Si se reduce esta ense\u00f1anza se est\u00e1n reduciendo tambi\u00e9n posibilidades&#8221;, indicaba.<\/p>\n\n\n\n<p>El profesor reconoce que la retirada de estos grupos les ha pillado por sorpresa, puesto que la intenci\u00f3n de la EOI de Gandia era &#8220;pedir m\u00e1s grupos&#8221;, porque, considera &#8220;los \u00edbamos a llenar seguro&#8221;, a tenor de la lista de espera que se genera cada a\u00f1o. &#8220;Cada a\u00f1o hay mucha gente que viene, pide, pregunta y se interesa por esta ense\u00f1anza&#8221;, indica Siscar.<\/p>\n\n\n\n<p>La conselleria, en cambio, ha incrementado la oferta de idiomas sempresencial y online en la escuela. En la primera se desarrolla una sesi\u00f3n en el aula a la semana y otra en la que el profesorado sube los materiales a la plataforma, mientras que en la otra la sesi\u00f3n se realiza en directo para el alumnado que est\u00e1 conectado desde casa.<\/p>\n\n\n\n<p>Por otra parte, la buena noticia es que el aulario que la EOI tiene en Oliva, dependiente del de Gandia y que se se encuentra el IES Gregori Mayans, no solo no se cierra sino que mantiene su oferta, con m\u00e1s de una veintena de alumnos y alumnas por grupo, seg\u00fan indicaba Siscar.<\/p>\n","protected":false},"excerpt":{"rendered":"<p>Los recortes en la Escuela Oficial dejan sin curso a 200 extranjeros en Gandia. <\/p>\n","protected":false},"author":1,"featured_media":3585,"comment_status":"open","ping_status":"open","sticky":false,"template":"","format":"standard","meta":{"footnotes":""},"categories":[1,27],"tags":[],"class_list":["post-3584","post","type-post","status-publish","format-standard","has-post-thumbnail","hentry","category-actualidad","category-sociedad"],"_links":{"self":[{"href":"https:\/\/infogandia.es\/index.php\/wp-json\/wp\/v2\/posts\/3584","targetHints":{"allow":["GET"]}}],"collection":[{"href":"https:\/\/infogandia.es\/index.php\/wp-json\/wp\/v2\/posts"}],"about":[{"href":"https:\/\/infogandia.es\/index.php\/wp-json\/wp\/v2\/types\/post"}],"author":[{"embeddable":true,"href":"https:\/\/infogandia.es\/index.php\/wp-json\/wp\/v2\/users\/1"}],"replies":[{"embeddable":true,"href":"https:\/\/infogandia.es\/index.php\/wp-json\/wp\/v2\/comments?post=3584"}],"version-history":[{"count":1,"href":"https:\/\/infogandia.es\/index.php\/wp-json\/wp\/v2\/posts\/3584\/revisions"}],"predecessor-version":[{"id":3586,"href":"https:\/\/infogandia.es\/index.php\/wp-json\/wp\/v2\/posts\/3584\/revisions\/3586"}],"wp:featuredmedia":[{"embeddable":true,"href":"https:\/\/infogandia.es\/index.php\/wp-json\/wp\/v2\/media\/3585"}],"wp:attachment":[{"href":"https:\/\/infogandia.es\/index.php\/wp-json\/wp\/v2\/media?parent=3584"}],"wp:term":[{"taxonomy":"category","embeddable":true,"href":"https:\/\/infogandia.es\/index.php\/wp-json\/wp\/v2\/categories?post=3584"},{"taxonomy":"post_tag","embeddable":true,"href":"https:\/\/infogandia.es\/index.php\/wp-json\/wp\/v2\/tags?post=3584"}],"curies":[{"name":"wp","href":"https:\/\/api.w.org\/{rel}","templated":true}]}}