{"id":3587,"date":"2024-04-23T11:52:42","date_gmt":"2024-04-23T11:52:42","guid":{"rendered":"https:\/\/infogandia.es\/?p=3587"},"modified":"2024-04-23T11:57:34","modified_gmt":"2024-04-23T11:57:34","slug":"el-pp-denuncia-el-rechazo-de-las-becas-de-alquiler-a-estudiantes-de-gandia","status":"publish","type":"post","link":"https:\/\/infogandia.es\/index.php\/2024\/04\/23\/el-pp-denuncia-el-rechazo-de-las-becas-de-alquiler-a-estudiantes-de-gandia\/","title":{"rendered":"El PP denuncia el rechazo de las becas de alquiler a estudiantes de Gandia"},"content":{"rendered":"\n<p>El Partido Popular de Gandia ha denunciado que numerosos universitarios gandienses est\u00e1n viendo rechazada su beca para el alquiler de un piso en Valencia al considerar que los estudiantes gandienses tienen esta necesidad cubierta mediante el tren de cercan\u00edas.<\/p>\n\n\n\n<p>Este a\u00f1o la ayuda llega hasta los 2.500 euros por lo que los afectados entienden que la denegaci\u00f3n de la beca se refiere a un criterio m\u00e1s restrictivo del Gobierno de S\u00e1nchez.<\/p>\n\n\n\n<p>Para V\u00edctor Soler, presidente del Partido Popular y diputado auton\u00f3mico, \u00aba pesar de que Diana Morant conoce de primera mano la degradaci\u00f3n de las instalaciones de cercan\u00edas, decide castigar a los alumnos gandienses al dejarles sin ayudas para que puedan vivir durante el curso acad\u00e9mico en Valencia\u00bb.<\/p>\n\n\n\n<p>Los populares gandienses proponen que el remanente de tesorer\u00eda del Ayuntamiento de Gandia se destine para paliar los efectos desfavorables de esta decisi\u00f3n. \u00abYa que Diana Morant ha decidido castigar a los alumnos gandienses mientras Prieto guarda silencio, proponemos que el remanente de tesorer\u00eda se utilice para ayudar a estos alumnos que hab\u00edan alquilado un domicilio para estudiar en Valencia y a los que el cambio de criterio del Ministerio de Educaci\u00f3n ha perjudicado enormemente\u00bb ha afirmado Soler.<\/p>\n","protected":false},"excerpt":{"rendered":"<p>El PP denuncia el rechazo de las becas de alquiler a estudiantes de Gandia. <\/p>\n","protected":false},"author":1,"featured_media":3588,"comment_status":"open","ping_status":"open","sticky":false,"template":"","format":"standard","meta":{"footnotes":""},"categories":[1,3],"tags":[],"class_list":["post-3587","post","type-post","status-publish","format-standard","has-post-thumbnail","hentry","category-actualidad","category-politica"],"_links":{"self":[{"href":"https:\/\/infogandia.es\/index.php\/wp-json\/wp\/v2\/posts\/3587","targetHints":{"allow":["GET"]}}],"collection":[{"href":"https:\/\/infogandia.es\/index.php\/wp-json\/wp\/v2\/posts"}],"about":[{"href":"https:\/\/infogandia.es\/index.php\/wp-json\/wp\/v2\/types\/post"}],"author":[{"embeddable":true,"href":"https:\/\/infogandia.es\/index.php\/wp-json\/wp\/v2\/users\/1"}],"replies":[{"embeddable":true,"href":"https:\/\/infogandia.es\/index.php\/wp-json\/wp\/v2\/comments?post=3587"}],"version-history":[{"count":1,"href":"https:\/\/infogandia.es\/index.php\/wp-json\/wp\/v2\/posts\/3587\/revisions"}],"predecessor-version":[{"id":3589,"href":"https:\/\/infogandia.es\/index.php\/wp-json\/wp\/v2\/posts\/3587\/revisions\/3589"}],"wp:featuredmedia":[{"embeddable":true,"href":"https:\/\/infogandia.es\/index.php\/wp-json\/wp\/v2\/media\/3588"}],"wp:attachment":[{"href":"https:\/\/infogandia.es\/index.php\/wp-json\/wp\/v2\/media?parent=3587"}],"wp:term":[{"taxonomy":"category","embeddable":true,"href":"https:\/\/infogandia.es\/index.php\/wp-json\/wp\/v2\/categories?post=3587"},{"taxonomy":"post_tag","embeddable":true,"href":"https:\/\/infogandia.es\/index.php\/wp-json\/wp\/v2\/tags?post=3587"}],"curies":[{"name":"wp","href":"https:\/\/api.w.org\/{rel}","templated":true}]}}