{"id":3601,"date":"2024-04-24T14:52:34","date_gmt":"2024-04-24T14:52:34","guid":{"rendered":"https:\/\/infogandia.es\/?p=3601"},"modified":"2024-04-24T14:53:03","modified_gmt":"2024-04-24T14:53:03","slug":"gandia-celebra-la-xiv-edicion-de-la-feria-de-abril-con-una-extensa-programacion","status":"publish","type":"post","link":"https:\/\/infogandia.es\/index.php\/2024\/04\/24\/gandia-celebra-la-xiv-edicion-de-la-feria-de-abril-con-una-extensa-programacion\/","title":{"rendered":"Gandia celebra la XIV edici\u00f3n de la Feria de Abril con una extensa programaci\u00f3n"},"content":{"rendered":"\n<p>La concejala de Cultura y Turismo, Balbina Sendra, y el presidente de la Casa Andaluc\u00eda de Gand\u00eda, Juan Villarejo, presentaron hoy una nueva edici\u00f3n de la Feria de Abril, que se celebrar\u00e1 entre este viernes y el pr\u00f3ximo mi\u00e9rcoles, 1 de mayo , en el parque Ausi\u00e0s March.<\/p>\n\n\n\n<p>&#8220;Se trata de una actividad clave para la dinamizaci\u00f3n de nuestra ciudad y, sobre todo, del centro hist\u00f3rico. Al final, estamos hablando de una tradici\u00f3n que, aunque no sea de aqu\u00ed, forma ya parte de nuestra manera de ver la vida y de las much\u00edsimas actividades que acoge la ciudad&#8221;, ha comentado la concejala, quien ha destacado que esta iniciativa es una m\u00e1s de las propuestas que se ofrecer\u00e1n a los visitantes durante el puente del 1 de mayo y que ayuda a dinamizar el comercio y la hosteler\u00eda del Centro Hist\u00f3rico.<\/p>\n\n\n\n<p>El programa se inicia este viernes, 26 de abril, a las 21 horas, con la inauguraci\u00f3n de la feria y el encendido de luces, seguida de dos actuaciones a cargo de la Casa de Andaluc\u00eda. El grupo &#8216;Juanvi Plaza y Polvarea&#8217; cerrar\u00e1 la noche a partir de las 23:30 horas.<\/p>\n\n\n\n<p>El s\u00e1bado empezar\u00e1 a las 12.00 horas con el festival de baile infantil que har\u00e1 el alumnado de la Casa de Andaluc\u00eda. Despu\u00e9s habr\u00e1 un taller de baile para ni\u00f1os y ni\u00f1as (12:45 h) y una exhibici\u00f3n de h\u00edpica (13:15 h).<\/p>\n\n\n\n<p>La programaci\u00f3n continuar\u00e1 con la actuaci\u00f3n del grupo &#8216;Dale Rumba&#8217; (17 h), la de las bailarinas M. Serena y Eli P\u00e9rez (20.15 h) y la de la banda &#8216;Sonakays&#8217;, que empezar\u00e1 a tocar a las 23.30 horas.<\/p>\n\n\n\n<p>A las 12 horas del domingo habr\u00e1 un encuentro de sevillanas y, despu\u00e9s, actuar\u00e1 el grupo de baile &#8216;Apaga y V\u00e1monos&#8217;. A las 13:15 horas volver\u00e1 a haber una exhibici\u00f3n de h\u00edpica y, a las 16:30 horas, el grupo &#8216;Valencai&#8217; subir\u00e1 al escenario. Por \u00faltimo, a las 19 horas tendr\u00e1 lugar el espect\u00e1culo de baile de las alumnas de la Casa de Andaluc\u00eda.<\/p>\n\n\n\n<p>Aunque el lunes no habr\u00e1 actuaciones, el servicio de barra permanecer\u00e1 abierto durante todo el d\u00eda. El martes, 30 de abril, Borja Lebr\u00f3n, Raquel Lara y Malena Fern\u00e1ndez ense\u00f1ar\u00e1n sus dotas con el baile flamenco a las 21 horas y el grupo Vicente Bernal animar\u00e1 la feria a partir de las 23:30 horas.<\/p>\n\n\n\n<p>Este a\u00f1o, aprovechando que el mi\u00e9rcoles, 1 de mayo, festivo, habr\u00e1 un d\u00eda m\u00e1s de Fira. As\u00ed pues, durante esta jornada tendr\u00e1 lugar la fiesta de la tapa, que terminar\u00e1 al mediod\u00eda.<\/p>\n\n\n\n<p>&#8220;Hemos hecho un esfuerzo enorme con el tema de la contrataci\u00f3n de las bandas e intentando darle el m\u00e1ximo contenido al evento. Vendr\u00e1n profesionales de baile muy importantes de puestos como Valencia y Madrid&#8221;, ha explicado el presidente, que ha invitado toda la ciudadan\u00eda a disfrutar de la feria.<\/p>\n\n\n\n<p>&#8220;Habr\u00e1 espect\u00e1culos o actividades cada ma\u00f1ana, la gente se podr\u00e1 quedar a comer para degustar todas las tapas t\u00edpicas de Andaluc\u00eda y tambi\u00e9n habr\u00e1 &#8216;tardeos&#8217; y animaci\u00f3n nocturna. Nos espera un fin de semana muy completo&#8221;, asegur\u00f3. Por \u00faltimo, ha dado las gracias al Ayuntamiento por todo el apoyo que la organizaci\u00f3n ha recibido.<\/p>\n\n\n\n<p>Por \u00faltimo, el edil ha destacado toda la labor y el esfuerzo que han hecho, tanto Villarejo como los t\u00e9cnicos, para sacar adelante el evento y ha invitado a gandienses y turistas a disfrutar de la programaci\u00f3n. &#8220;Cuando las personas descubren la Feria de Abril, siempre repiten. Es una experiencia abierta a todos donde s\u00f3lo hay que ir con muchas ganas de pasarlo bien&#8221;, concluy\u00f3.<\/p>\n","protected":false},"excerpt":{"rendered":"<p>Gandia celebra la XIV edici\u00f3n de la Feria de Abril con una extensa programaci\u00f3n. <\/p>\n","protected":false},"author":1,"featured_media":3592,"comment_status":"open","ping_status":"open","sticky":false,"template":"","format":"standard","meta":{"footnotes":""},"categories":[1,27],"tags":[],"class_list":["post-3601","post","type-post","status-publish","format-standard","has-post-thumbnail","hentry","category-actualidad","category-sociedad"],"_links":{"self":[{"href":"https:\/\/infogandia.es\/index.php\/wp-json\/wp\/v2\/posts\/3601","targetHints":{"allow":["GET"]}}],"collection":[{"href":"https:\/\/infogandia.es\/index.php\/wp-json\/wp\/v2\/posts"}],"about":[{"href":"https:\/\/infogandia.es\/index.php\/wp-json\/wp\/v2\/types\/post"}],"author":[{"embeddable":true,"href":"https:\/\/infogandia.es\/index.php\/wp-json\/wp\/v2\/users\/1"}],"replies":[{"embeddable":true,"href":"https:\/\/infogandia.es\/index.php\/wp-json\/wp\/v2\/comments?post=3601"}],"version-history":[{"count":2,"href":"https:\/\/infogandia.es\/index.php\/wp-json\/wp\/v2\/posts\/3601\/revisions"}],"predecessor-version":[{"id":3603,"href":"https:\/\/infogandia.es\/index.php\/wp-json\/wp\/v2\/posts\/3601\/revisions\/3603"}],"wp:featuredmedia":[{"embeddable":true,"href":"https:\/\/infogandia.es\/index.php\/wp-json\/wp\/v2\/media\/3592"}],"wp:attachment":[{"href":"https:\/\/infogandia.es\/index.php\/wp-json\/wp\/v2\/media?parent=3601"}],"wp:term":[{"taxonomy":"category","embeddable":true,"href":"https:\/\/infogandia.es\/index.php\/wp-json\/wp\/v2\/categories?post=3601"},{"taxonomy":"post_tag","embeddable":true,"href":"https:\/\/infogandia.es\/index.php\/wp-json\/wp\/v2\/tags?post=3601"}],"curies":[{"name":"wp","href":"https:\/\/api.w.org\/{rel}","templated":true}]}}