{"id":3612,"date":"2024-04-24T14:55:21","date_gmt":"2024-04-24T14:55:21","guid":{"rendered":"https:\/\/infogandia.es\/?p=3612"},"modified":"2024-04-24T14:55:21","modified_gmt":"2024-04-24T14:55:21","slug":"gandia-presenta-una-ambiciosa-programacion-para-conmemorar-el-ano-estelles","status":"publish","type":"post","link":"https:\/\/infogandia.es\/index.php\/2024\/04\/24\/gandia-presenta-una-ambiciosa-programacion-para-conmemorar-el-ano-estelles\/","title":{"rendered":"Gandia presenta una ambiciosa programaci\u00f3n para conmemorar el A\u00f1o Estell\u00e9s"},"content":{"rendered":"\n<p>Por eso, se ha elegido como fecha el 23 de abril, D\u00eda del libro. La amplia producci\u00f3n de Estell\u00e9s ha hecho que muchos lo consideren el poeta valenciano m\u00e1s relevante desde la \u00e9poca de Ausi\u00e0s March. A lo largo de su trayectoria recibi\u00f3 numerosos premios como el premio de Honor de las Letras Valencianas en 1984, el premio 9 de Octubre en 1990 o la medalla de Oro al M\u00e9rito de las Bellas artes del Ministerio de Cultura a t\u00edtulo p\u00f3stumo. Muri\u00f3 en Val\u00e8ncia, el 27 de marzo de 1993, dejando una abundante obra in\u00e9dita.<\/p>\n\n\n\n<p>\u00abRecordar y conmemorar a nuestros ilustres escritores y escritoras no es solos un acto de justicia hist\u00f3rica y cultural, sino que tambi\u00e9n es una manera efectiva de dinamizar las industrias cultural y tur\u00edstica o fomentar la lectura y la literatura en valenciano. En este sentido, hay que empezar agradeciendo a los t\u00e9cnicos de esta casa que, de una forma natural, hayan entendido la importancia de la efem\u00e9ride y hayan incluido en sus programaciones respectivas actividades dedicadas al escritor de Burjassot. Nos encontramos, por lo tanto, con una programaci\u00f3n transversal, impulsada desde los departamentos de Cultura, Patrimonio, Archivos y Bibliotecas, Educaci\u00f3n, Promoci\u00f3n del Valenciano\u2026 a la cual se le suman actividades espec\u00edficas y la colaboraci\u00f3n otras entidades y colectivos: Alfons el Vell, Safor\u00edssims, la Universitat de Val\u00e8ncia o el Ministerio de Cultura. Desde el gobierno local pensamos que la primera capital cultural valenciana ten\u00eda que hacer una programaci\u00f3n que estuviera a la altura y creemos que lo hemos conseguido\u00bb, ha explicado Sendra.<\/p>\n\n\n\n<p>Con m\u00e1s de una veintena de actividades, el A\u00f1o Estell\u00e9s estar\u00e1 presente en la Plaza del libro del IMAB, en el Safor de Lletres de Alfons el Vell y el Cefire, a mediados de mayo\u2026 A principios de junio habr\u00e1 un recital po\u00e9tico y musical, en colaboraci\u00f3n con el Ministerio de Cultura. Continuar\u00e1 en el EstiuVers del departamento de Patrimonio o la Universidad de Verano del Centro Internacional de Gandia de la Universitat de Val\u00e8ncia, tambi\u00e9n en verano.<\/p>\n\n\n\n<p>El momento clave de la programaci\u00f3n se desarrollar\u00e1 en oto\u00f1o, alrededor de la fecha de nacimiento del poeta, el 4 de septiembre: la Fiesta Estell\u00e9s de Safor\u00edssims; la Fira i Festes; el Homenaje a la Palabra de Alfons el Vell; el Oto\u00f1o literario y los Premios literarios Ciudad de Gandia del IMAB, etc.<\/p>\n\n\n\n<p>Adem\u00e1s, desde la concejal\u00eda de Patrimonio est\u00e1n preparando rutas \u2018estellesianes\u2019 por la ciudad para todos los p\u00fablicos. Los departamentos de Educaci\u00f3n y Pol\u00edtica ling\u00fc\u00edstica har\u00e1n talleres de m\u00fasica urbana a partir de Estell\u00e9s para los institutos u otras acciones espec\u00edficas para Primaria e infantil\u2026 Para los centros educativos se programar\u00e1n tambi\u00e9n rutas guiadas.<\/p>\n\n\n\n<p>Exposiciones, representaciones en el Teatre Serrano\u2026<br>La m\u00fasica tendr\u00e1 una presencia destacada en la programaci\u00f3n, puesto que los versos del \u2018poeta del pueblo\u2019 se han convertido en piezas combativas y universales que muchos artistas han homenajeado poni\u00e9ndole melod\u00eda. Por eso, se ha anunciado que habr\u00e1, al menos, seis actuaciones musicales o conciertos con artistas como Pau Alabajos, Borja Penalba, Carles D\u00e9nia o Andreu Valor\u2026 adem\u00e1s de recitales po\u00e9ticos, exposiciones\u2026<\/p>\n\n\n\n<p>El cartel anunciador del A\u00f1o Estell\u00e9s Gandia es obra de la dise\u00f1adora del Grau, Marisa Sanchis. Se est\u00e1 preparando un folleto con las actividades concretas que se repartir\u00e1, se podr\u00e1 consultar y descargar cuando se tenga cerrado el programa completo.<\/p>\n\n\n\n<p>Declaraci\u00f3n institucional<br>Por su parte, la primera tenienta de alcalde ha recordado que el v\u00ednculo de Estell\u00e9s con Gandia es innegable desde el punto de vista literario, musical y popular. Adem\u00e1s, hay muchas referencias de la ciudad, cuna de los cl\u00e1sicos Ausi\u00e0s March, Joanot Martorell o Ro\u00eds de Corella, en su obra. \u00abPero, tambi\u00e9n hay conexiones emocionales, puesto que en Gandia naci\u00f3 su compa\u00f1era de vida desde los a\u00f1os de juventud, Isabel Lorente Riba. Isabel fue para el poeta uno &#8220;todo particular&#8221;; compa\u00f1era, amante y madre de sus hijos. En palabras de Estell\u00e9s, Isabel fue uno de sus &#8220;apoyos vitales&#8221;. M\u00e1s que justificada, por lo tanto, desde muchos puntos de vista, la celebraci\u00f3n del centenario&#8221;.<\/p>\n\n\n\n<p>Izquierdo ha mostrado el malestar por el hecho que el Consell de la Generalitat \u00abno haya sabido estar a la altura y con su reduccionismo cultural se haya negado a declarar 2024 como A\u00f1o Estell\u00e9s y celebrar la efem\u00e9ride de uno de los poetas valencianos m\u00e1s importantes del siglo XX, como s\u00ed han hecho otras administraciones p\u00fablicas como la Diputaci\u00f3n de Val\u00e8ncia o el Ministerio de Cultura. Por no hablar de centenares de ayuntamientos, colectivos y entidades c\u00edvicas y culturales de todo nuestro territorio ling\u00fc\u00edstico, que se han agrupado alrededor de plataformas o movimientos como \u00abEstell\u00e9s en los pueblos\u00bb, del cual tambi\u00e9n forma parte Gandia, junto en otros muchos municipios\u00bb.<\/p>\n\n\n\n<p>Precisamente, en el pleno ordinario del pr\u00f3ximo jueves, los grupos del gobierno han presentado una moci\u00f3n conjunta para declarar el 2024 como A\u00f1o Estell\u00e9s en Gandia. Adem\u00e1s, tambi\u00e9n instan el Consejo a declarar el A\u00f1o Estell\u00e9s y a organizar y coordinar un ciclo de actividades donde participen todas las instituciones y entidades implicadas. &#8220;No hay que decir, que esperamos contar con el apoyo del resto de grupos pol\u00edticos&#8221;.<\/p>\n\n\n\n<p>Estell\u00e9s estar\u00e1 presente tambi\u00e9n de forma f\u00edsica por toda la ciudad con algunos de los versos m\u00e1s conocidos del poeta y otros vinculados a nuestra ciudad. Finalmente, la regidora de Patrimonio hist\u00f3rico tambi\u00e9n ha anunciado que se est\u00e1 trabajando la posibilidad de poner el nombre de Vicent Andr\u00e9s Estell\u00e9s en alg\u00fan edificio o espacio cultural actual o futuro de la ciudad.<\/p>\n","protected":false},"excerpt":{"rendered":"<p>Gandia presenta una ambiciosa programaci\u00f3n para conmemorar el A\u00f1o Estell\u00e9s. <\/p>\n","protected":false},"author":1,"featured_media":3597,"comment_status":"open","ping_status":"open","sticky":false,"template":"","format":"standard","meta":{"footnotes":""},"categories":[1,27],"tags":[],"class_list":["post-3612","post","type-post","status-publish","format-standard","has-post-thumbnail","hentry","category-actualidad","category-sociedad"],"_links":{"self":[{"href":"https:\/\/infogandia.es\/index.php\/wp-json\/wp\/v2\/posts\/3612","targetHints":{"allow":["GET"]}}],"collection":[{"href":"https:\/\/infogandia.es\/index.php\/wp-json\/wp\/v2\/posts"}],"about":[{"href":"https:\/\/infogandia.es\/index.php\/wp-json\/wp\/v2\/types\/post"}],"author":[{"embeddable":true,"href":"https:\/\/infogandia.es\/index.php\/wp-json\/wp\/v2\/users\/1"}],"replies":[{"embeddable":true,"href":"https:\/\/infogandia.es\/index.php\/wp-json\/wp\/v2\/comments?post=3612"}],"version-history":[{"count":1,"href":"https:\/\/infogandia.es\/index.php\/wp-json\/wp\/v2\/posts\/3612\/revisions"}],"predecessor-version":[{"id":3613,"href":"https:\/\/infogandia.es\/index.php\/wp-json\/wp\/v2\/posts\/3612\/revisions\/3613"}],"wp:featuredmedia":[{"embeddable":true,"href":"https:\/\/infogandia.es\/index.php\/wp-json\/wp\/v2\/media\/3597"}],"wp:attachment":[{"href":"https:\/\/infogandia.es\/index.php\/wp-json\/wp\/v2\/media?parent=3612"}],"wp:term":[{"taxonomy":"category","embeddable":true,"href":"https:\/\/infogandia.es\/index.php\/wp-json\/wp\/v2\/categories?post=3612"},{"taxonomy":"post_tag","embeddable":true,"href":"https:\/\/infogandia.es\/index.php\/wp-json\/wp\/v2\/tags?post=3612"}],"curies":[{"name":"wp","href":"https:\/\/api.w.org\/{rel}","templated":true}]}}