{"id":3662,"date":"2024-04-29T16:37:06","date_gmt":"2024-04-29T16:37:06","guid":{"rendered":"https:\/\/infogandia.es\/?p=3662"},"modified":"2024-04-29T16:37:06","modified_gmt":"2024-04-29T16:37:06","slug":"las-obras-del-centro-de-acogida-de-animales-de-la-safor-y-la-ribera-ya-estan-en-marcha-en-tavernes","status":"publish","type":"post","link":"https:\/\/infogandia.es\/index.php\/2024\/04\/29\/las-obras-del-centro-de-acogida-de-animales-de-la-safor-y-la-ribera-ya-estan-en-marcha-en-tavernes\/","title":{"rendered":"Las obras del Centro de Acogida de Animales de la Safor y la Ribera ya est\u00e1n en marcha en Tavernes"},"content":{"rendered":"\n<p>Las obras del futuro Centro de Acogida de Animales de Tavernes de la Valldigna que estar\u00e1 ubicado en el pol\u00edgono El Golfo ya est\u00e1n en marcha. La construcci\u00f3n, que se inici\u00f3 el pasado mas de marzo, se desarrollar\u00e1 en una parcela de 3.035 m\u00b2 de titularidad municipal que el Ayuntamiento vallero ha cedido para este proyecto conjunto del Consorcio de la Ribera y las mancomunidades de la Ribera Alta, la Ribera Baixa y la Safor y que tambi\u00e9n tendr\u00e1 otro n\u00facleo zool\u00f3gico en el municipio de l&#8217;Alc\u00fadia en un solar de 4.058 m\u00b2.<\/p>\n\n\n\n<p>El director de la obra, Javier Giron\u00e9s, ha explicado el proyecto a los representantes de las diferentes instituciones implicadas que han visitado las obras. El futuro centro tendr\u00e1 unas instalaciones para perros; un lugar para felinos; y otro para otros animales, adem\u00e1s de un espacio de curas y un m\u00f3dulo de recepci\u00f3n y administraci\u00f3n. La apertura del Centro de Acogida de Animales de Tavernes de la Valldigna est\u00e1 prevista para 2025 con una inversi\u00f3n de casi 1,3 millones de euros para cada n\u00facleo zool\u00f3gico y con una ocupaci\u00f3n de 400 animales.<\/p>\n\n\n\n<p>La alcaldesa de Tavernes de la Valldigna, Lara Romero Giner, ha se\u00f1alado que \u201choy es un d\u00eda para celebrar porque por fin ponemos fecha al que ser\u00e1 el Centro de Acogida de Animales. Un trabajo y un esfuerzo conjunto hecho con mucho cuidado y mucha sensibilidad, puesto que todas y todos pensamos que tenemos que apostar tambi\u00e9n para mejorar las condiciones de los animales\u201d.<\/p>\n\n\n\n<p>Por su parte, el presidente del Consorcio de la Ribera, Josep Mur ha apuntado que este centro \u201cser\u00e1 un espacio magn\u00edfico donde los animales no se encuentran abandonados y las familias puedan venir a acogerlos, porque trabajamos con el objetivo de tener a los animales en el mejor estado posible\u201d.<\/p>\n\n\n\n<p>A la visita, adem\u00e1s de la alcaldesa de Tavernes, Lara Romero, y el presidente del Consorcio de la Ribera, Josep Mur, han asistido tambi\u00e9n la presidenta de la Mancomunidad de la Ribera Alta, Paqui Momparler; el vicepresidente de la Mancomunidad de la Ribera Baixa, \u00d3scar Navarro; y el presidente de la Mancomunidad de Municipios de la Safor, Voro Femenia. Tambi\u00e9n han participado en esta visita el edil de Bienestar Animal del Ayuntamiento de Tavernes, Josep Ll\u00e0cer, y la Unidad de Bienestar Animal de la Polic\u00eda Local de Tavernes.<\/p>\n","protected":false},"excerpt":{"rendered":"<p>Las obras del futuro Centro de Acogida de Animales de Tavernes de la Valldigna que estar\u00e1 ubicado en el pol\u00edgono El Golfo ya est\u00e1n en marcha. La construcci\u00f3n, que se inici\u00f3 el pasado mas de marzo, se desarrollar\u00e1 en una parcela de 3.035 m\u00b2 de titularidad municipal que el Ayuntamiento vallero ha cedido para este&#8230;<\/p>\n","protected":false},"author":1,"featured_media":3657,"comment_status":"open","ping_status":"open","sticky":false,"template":"","format":"standard","meta":{"footnotes":""},"categories":[1,3],"tags":[],"class_list":["post-3662","post","type-post","status-publish","format-standard","has-post-thumbnail","hentry","category-actualidad","category-politica"],"_links":{"self":[{"href":"https:\/\/infogandia.es\/index.php\/wp-json\/wp\/v2\/posts\/3662","targetHints":{"allow":["GET"]}}],"collection":[{"href":"https:\/\/infogandia.es\/index.php\/wp-json\/wp\/v2\/posts"}],"about":[{"href":"https:\/\/infogandia.es\/index.php\/wp-json\/wp\/v2\/types\/post"}],"author":[{"embeddable":true,"href":"https:\/\/infogandia.es\/index.php\/wp-json\/wp\/v2\/users\/1"}],"replies":[{"embeddable":true,"href":"https:\/\/infogandia.es\/index.php\/wp-json\/wp\/v2\/comments?post=3662"}],"version-history":[{"count":1,"href":"https:\/\/infogandia.es\/index.php\/wp-json\/wp\/v2\/posts\/3662\/revisions"}],"predecessor-version":[{"id":3663,"href":"https:\/\/infogandia.es\/index.php\/wp-json\/wp\/v2\/posts\/3662\/revisions\/3663"}],"wp:featuredmedia":[{"embeddable":true,"href":"https:\/\/infogandia.es\/index.php\/wp-json\/wp\/v2\/media\/3657"}],"wp:attachment":[{"href":"https:\/\/infogandia.es\/index.php\/wp-json\/wp\/v2\/media?parent=3662"}],"wp:term":[{"taxonomy":"category","embeddable":true,"href":"https:\/\/infogandia.es\/index.php\/wp-json\/wp\/v2\/categories?post=3662"},{"taxonomy":"post_tag","embeddable":true,"href":"https:\/\/infogandia.es\/index.php\/wp-json\/wp\/v2\/tags?post=3662"}],"curies":[{"name":"wp","href":"https:\/\/api.w.org\/{rel}","templated":true}]}}