{"id":3695,"date":"2024-05-02T18:27:01","date_gmt":"2024-05-02T18:27:01","guid":{"rendered":"https:\/\/infogandia.es\/?p=3695"},"modified":"2024-05-02T18:27:01","modified_gmt":"2024-05-02T18:27:01","slug":"inauguracion-la-tercera-edicion-del-fiescrem-de-xeraco","status":"publish","type":"post","link":"https:\/\/infogandia.es\/index.php\/2024\/05\/02\/inauguracion-la-tercera-edicion-del-fiescrem-de-xeraco\/","title":{"rendered":"Inauguraci\u00f3n la tercera edici\u00f3n del\u00a0 Fiescrem de Xeraco\u00a0\u00a0"},"content":{"rendered":"\n<p><strong>El evento tendr\u00e1 lugar del 1 al 5 de mayo con una programaci\u00f3n extensa&nbsp;&nbsp;<\/strong><\/p>\n\n\n\n<p>Hoy marca el comienzo vibrante de la tercera edici\u00f3n del Fiescrem, la Fira de l\u2019esmorzar i&nbsp; del cremaet, celebrada en la Playa de Xeraco. Este evento anual, que se ha convertido&nbsp; en un punto culminante en el calendario local, re\u00fane a entusiastas de la gastronom\u00eda y la&nbsp; cultura valenciana para disfrutar de una jornada de sabores aut\u00e9nticos y momentos&nbsp; memorables.&nbsp;<\/p>\n\n\n\n<p>El Fiescrem ofrece una plataforma \u00fanica para explorar y celebrar la rica tradici\u00f3n culinaria&nbsp; de la Comunitat Valenciana, destacando especialmente el arte del &#8216;cremaet&#8217;, una bebida&nbsp; tradicional valenciana con ron, caf\u00e9 y especias que se prende fuego para caramelizar los&nbsp; az\u00facares y realzar los sabores.&nbsp;<\/p>\n\n\n\n<p>Durante la jornada de hoy, los visitantes han tenido la oportunidad de presenciar un&nbsp; showcooking de \u2018cremaet\u2019 i una variedad de platos t\u00edpicos valencianos en cada bar y&nbsp; restaurante, desde bocadillos a cocas de dacsa con productos locales y de proximidad y,&nbsp; por supuesto, el famoso &#8216;cremaet&#8217;. La combinaci\u00f3n de m\u00fasica en vivo, exhibiciones&nbsp; culturales y la belleza natural de la Playa de Xeraco proporciona un ambiente festivo y&nbsp; acogedor para toda la familia.&nbsp;<\/p>\n\n\n\n<p>El alcalde de Xeraco, Avelino Mascarell, expres\u00f3 su entusiasmo por esta edici\u00f3n del&nbsp; Fiescrem, destacando la importancia de preservar y compartir las tradiciones culinarias&nbsp; locales. &#8220;Este evento es una oportunidad maravillosa para celebrar nuestra herencia&nbsp; gastron\u00f3mica y ofrecer una experiencia \u00fanica a nuestros visitantes&#8221;, coment\u00f3 el alcalde.&nbsp;<\/p>\n\n\n\n<p>El Fiescrem estar\u00e1 abierto al p\u00fablico hasta el domingo, ofreciendo una experiencia&nbsp; culinaria aut\u00e9ntica en un entorno id\u00edlico junto al mar Mediterr\u00e1neo. Se espera que miles&nbsp;<\/p>\n\n\n\n<p>de personas acudan a disfrutar de esta celebraci\u00f3n \u00fanica que rinde homenaje a la cocina&nbsp; y la cultura valenciana.&nbsp;<\/p>\n\n\n\n<p>Para obtener m\u00e1s informaci\u00f3n sobre el evento y su programa completo, los interesados\u00a0 pueden ponerse en contacto con el Ayuntamiento de Xeraco.\u00a0<\/p>\n\n\n\n<figure class=\"wp-block-image size-full\"><img fetchpriority=\"high\" decoding=\"async\" width=\"960\" height=\"720\" src=\"https:\/\/infogandia.es\/wp-content\/uploads\/2024\/05\/IMG_1281.jpeg\" alt=\"\" class=\"wp-image-3697\" srcset=\"https:\/\/infogandia.es\/wp-content\/uploads\/2024\/05\/IMG_1281.jpeg 960w, https:\/\/infogandia.es\/wp-content\/uploads\/2024\/05\/IMG_1281-300x225.jpeg 300w, https:\/\/infogandia.es\/wp-content\/uploads\/2024\/05\/IMG_1281-768x576.jpeg 768w\" sizes=\"(max-width: 960px) 100vw, 960px\" \/><\/figure>\n","protected":false},"excerpt":{"rendered":"<p>Inauguraci\u00f3n la tercera edici\u00f3n del  Fiescrem de Xeraco<br \/>\nEl evento tendr\u00e1 lugar del 1 al 5 de mayo con una programaci\u00f3n extensa<br \/>\nHoy marca el comienzo vibrante de la tercera edici\u00f3n del Fiescrem, la Fira de l\u2019esmorzar i  del cremaet, celebrada en la Playa de Xeraco. Este evento anual, que se ha convertido  en un punto culminante en el calendario local, re\u00fane a entusiastas de la gastronom\u00eda y la  cultura valenciana para disfrutar de una jornada de sabores aut\u00e9nticos y momentos  memorables.<br \/>\nEl Fiescrem ofrece una plataforma \u00fanica para explorar y celebrar la rica tradici\u00f3n culinaria  de la Comunitat Valenciana, destacando especialmente el arte del &#8216;cremaet&#8217;, una bebida  tradicional valenciana con ron, caf\u00e9 y especias que se prende fuego para caramelizar los  az\u00facares y realzar los sabores.<br \/>\nDurante la jornada de hoy, los visitantes han tenido la oportunidad de presenciar un  showcooking de \u2018cremaet\u2019 i una variedad de platos t\u00edpicos valencianos en cada bar y  restaurante, desde bocadillos a cocas de dacsa con productos locales y de proximidad y,  por supuesto, el famoso &#8216;cremaet&#8217;. La combinaci\u00f3n de m\u00fasica en vivo, exhibiciones  culturales y la belleza natural de la Playa de Xeraco proporciona un ambiente festivo y  acogedor para toda la familia.<br \/>\nEl alcalde de Xeraco, Avelino Mascarell, expres\u00f3 su entusiasmo por esta edici\u00f3n del  Fiescrem, destacando la importancia de preservar y compartir las tradiciones culinarias  locales. &#8220;Este evento es una oportunidad maravillosa para celebrar nuestra herencia  gastron\u00f3mica y ofrecer una experiencia \u00fanica a nuestros visitantes&#8221;, coment\u00f3 el alcalde.<br \/>\nEl Fiescrem estar\u00e1 abierto al p\u00fablico hasta el domingo, ofreciendo una experiencia  culinaria aut\u00e9ntica en un entorno id\u00edlico junto al mar Mediterr\u00e1neo. Se espera que miles<br \/>\nde personas acudan a disfrutar de esta celebraci\u00f3n \u00fanica que rinde homenaje a la cocina  y la cultura valenciana.<br \/>\nPara obtener m\u00e1s informaci\u00f3n sobre el evento y su programa completo, los interesados  pueden ponerse en contacto con el Ayuntamiento de Xeraco.  <\/p>\n","protected":false},"author":1,"featured_media":3696,"comment_status":"open","ping_status":"open","sticky":false,"template":"","format":"standard","meta":{"footnotes":""},"categories":[1,27],"tags":[],"class_list":["post-3695","post","type-post","status-publish","format-standard","has-post-thumbnail","hentry","category-actualidad","category-sociedad"],"_links":{"self":[{"href":"https:\/\/infogandia.es\/index.php\/wp-json\/wp\/v2\/posts\/3695","targetHints":{"allow":["GET"]}}],"collection":[{"href":"https:\/\/infogandia.es\/index.php\/wp-json\/wp\/v2\/posts"}],"about":[{"href":"https:\/\/infogandia.es\/index.php\/wp-json\/wp\/v2\/types\/post"}],"author":[{"embeddable":true,"href":"https:\/\/infogandia.es\/index.php\/wp-json\/wp\/v2\/users\/1"}],"replies":[{"embeddable":true,"href":"https:\/\/infogandia.es\/index.php\/wp-json\/wp\/v2\/comments?post=3695"}],"version-history":[{"count":1,"href":"https:\/\/infogandia.es\/index.php\/wp-json\/wp\/v2\/posts\/3695\/revisions"}],"predecessor-version":[{"id":3698,"href":"https:\/\/infogandia.es\/index.php\/wp-json\/wp\/v2\/posts\/3695\/revisions\/3698"}],"wp:featuredmedia":[{"embeddable":true,"href":"https:\/\/infogandia.es\/index.php\/wp-json\/wp\/v2\/media\/3696"}],"wp:attachment":[{"href":"https:\/\/infogandia.es\/index.php\/wp-json\/wp\/v2\/media?parent=3695"}],"wp:term":[{"taxonomy":"category","embeddable":true,"href":"https:\/\/infogandia.es\/index.php\/wp-json\/wp\/v2\/categories?post=3695"},{"taxonomy":"post_tag","embeddable":true,"href":"https:\/\/infogandia.es\/index.php\/wp-json\/wp\/v2\/tags?post=3695"}],"curies":[{"name":"wp","href":"https:\/\/api.w.org\/{rel}","templated":true}]}}