{"id":3702,"date":"2024-05-02T18:30:17","date_gmt":"2024-05-02T18:30:17","guid":{"rendered":"https:\/\/infogandia.es\/?p=3702"},"modified":"2024-05-02T18:30:17","modified_gmt":"2024-05-02T18:30:17","slug":"gandia-acull-per-primera-vegada-el-campionat-femeni-datletisme-nacional-de-la-lliga-iberdrola","status":"publish","type":"post","link":"https:\/\/infogandia.es\/index.php\/2024\/05\/02\/gandia-acull-per-primera-vegada-el-campionat-femeni-datletisme-nacional-de-la-lliga-iberdrola\/","title":{"rendered":"Gandia acull per primera vegada el Campionat Femen\u00ed d&#8217;Atletisme Nacional de la Lliga Iberdrola\u00a0"},"content":{"rendered":"\n<p>L&#8217;edil delegat d&#8217;Esports, <strong>Jes\u00fas Naveiro<\/strong> i el president del Club d&#8217;Atletisme Safor-Teika, <strong>Vicent Bosc\u00e0<\/strong>, han comparegut en roda de premsa per presentar la <strong>segona jornada de la Fase Nacional de la Lliga Iberdrola d&#8217;atletisme<\/strong>, que acollir\u00e0 una competici\u00f3 entre diversos equips femenins de primera divisi\u00f3. El campionat tindr\u00e0 lloc aquest diumenge, 5 de maig, a la pista Toni Herreros del poliesportiu municipal. En aquesta segona fase, es decidir\u00e0 quins equips tindran l&#8217;oportunitat d&#8217;anar a la tercera jornada per intentar pujar a la Divisi\u00f3 d&#8217;Honor, la categoria m\u00e9s alta que hi ha dins de l&#8217;atletisme.<br><br>&#8220;<em>\u00c9s la primera vegada que Gandia \u00e9s la seu d&#8217;aquest campionat femen\u00ed, de manera que, ara mateix, es tracta de la prova m\u00e9s important que t\u00e9 aquest esport al municipi<\/em>&#8220;, ha assenyalat el regidor, que tamb\u00e9 ha comentat que &#8220;<em>una vegada m\u00e9s, la ciutat demostra que fomenta i posa en valor l&#8217;esport femen\u00ed i la capacitat per acollir esdeveniments esportius de primer nivell en diverses disciplines<\/em>&#8220;.<br><br>&#8220;En aquest cas, el nostre equip femen\u00ed, capitanejat per Pili V\u00e1zquez, s&#8217;enfrontar\u00e0 al Cornell\u00e0-Atletisme, el Barrutia Atletisme Elkartea i l&#8217;Atletisme del Sud-Cooperativa La Palma de Motril, que \u00e9s un conjunt de clubs que s&#8217;han fusionat per a aquests tipus d&#8217;esdeveniments&#8221;, ha mencionat Bosc\u00e0.<br><br>La jornada comen\u00e7ar\u00e0 a les 10 hores amb la prova de llan\u00e7ament de martell i finalitzar\u00e0 al voltant de les 14 hores amb els relleus. Hi haur\u00e0 diferents modalitats de carrera (100, 200, 400 metres tanques, 3.000 metres obstacles, etc.), de salts (d&#8217;altura, amb p\u00e8rtiga, de longitud, etc.), i de llan\u00e7aments (de pes, de disc, de javelina, etc.). En total, hi haur\u00e0 19 proves individuals i dues de relleu.<br><br>&#8220;Llevat d&#8217;algunes excepcions, anirem amb un equip molt jove. A la gran majoria de les proves participaran esportistes que pertanyen a categories com la sub-20, la sub-23 o, fins i tot, la sub-18. Tenim atletes que fa molt\u00edssims anys que s\u00f3n al club o que, de fet, s&#8217;han criat amb nosaltres des de ben petites&#8221;, ha destacat el president.<br><br>&#8220;Encara que comptem amb algunes baixes importants, anem amb l&#8217;objectiu d&#8217;acabar al podi i aconseguir la perman\u00e8ncia a casa. Tamb\u00e9 volem entrar a disputar la fase d&#8217;ascens a Divisi\u00f3 d&#8217;Honor, cosa que seria un gran \u00e8xit&#8221;, ha afegit.<br><br>A m\u00e9s, ha destacat que &#8220;de moment, aquest \u00e9s l&#8217;\u00fanic club de la prov\u00edncia de Val\u00e8ncia que t\u00e9, tant el seu equip mascul\u00ed, com el femen\u00ed, a primera divisi\u00f3&#8221;. Finalment, ha agra\u00eft a l&#8217;Ajuntament tot el seu suport i ha animat tota la ciutadania a assistir a la competici\u00f3 de diumenge per animar les atletes.<\/p>\n","protected":false},"excerpt":{"rendered":"<p>Gandia acull per primera vegada el Campionat Femen\u00ed d&#8217;Atletisme Nacional de la Lliga Iberdrola\u00a0 <\/p>\n","protected":false},"author":1,"featured_media":3703,"comment_status":"open","ping_status":"open","sticky":false,"template":"","format":"standard","meta":{"footnotes":""},"categories":[1,27],"tags":[],"class_list":["post-3702","post","type-post","status-publish","format-standard","has-post-thumbnail","hentry","category-actualidad","category-sociedad"],"_links":{"self":[{"href":"https:\/\/infogandia.es\/index.php\/wp-json\/wp\/v2\/posts\/3702","targetHints":{"allow":["GET"]}}],"collection":[{"href":"https:\/\/infogandia.es\/index.php\/wp-json\/wp\/v2\/posts"}],"about":[{"href":"https:\/\/infogandia.es\/index.php\/wp-json\/wp\/v2\/types\/post"}],"author":[{"embeddable":true,"href":"https:\/\/infogandia.es\/index.php\/wp-json\/wp\/v2\/users\/1"}],"replies":[{"embeddable":true,"href":"https:\/\/infogandia.es\/index.php\/wp-json\/wp\/v2\/comments?post=3702"}],"version-history":[{"count":1,"href":"https:\/\/infogandia.es\/index.php\/wp-json\/wp\/v2\/posts\/3702\/revisions"}],"predecessor-version":[{"id":3704,"href":"https:\/\/infogandia.es\/index.php\/wp-json\/wp\/v2\/posts\/3702\/revisions\/3704"}],"wp:featuredmedia":[{"embeddable":true,"href":"https:\/\/infogandia.es\/index.php\/wp-json\/wp\/v2\/media\/3703"}],"wp:attachment":[{"href":"https:\/\/infogandia.es\/index.php\/wp-json\/wp\/v2\/media?parent=3702"}],"wp:term":[{"taxonomy":"category","embeddable":true,"href":"https:\/\/infogandia.es\/index.php\/wp-json\/wp\/v2\/categories?post=3702"},{"taxonomy":"post_tag","embeddable":true,"href":"https:\/\/infogandia.es\/index.php\/wp-json\/wp\/v2\/tags?post=3702"}],"curies":[{"name":"wp","href":"https:\/\/api.w.org\/{rel}","templated":true}]}}