{"id":3710,"date":"2024-05-06T13:14:33","date_gmt":"2024-05-06T13:14:33","guid":{"rendered":"https:\/\/infogandia.es\/?p=3710"},"modified":"2024-05-06T13:14:34","modified_gmt":"2024-05-06T13:14:34","slug":"la-playa-de-gandia-acogera-la-ix-run-for-parkinson-el-proximo-26-de-mayo","status":"publish","type":"post","link":"https:\/\/infogandia.es\/index.php\/2024\/05\/06\/la-playa-de-gandia-acogera-la-ix-run-for-parkinson-el-proximo-26-de-mayo\/","title":{"rendered":"La playa de Gandia acoger\u00e1 la IX &#8216;Run for Parkinson&#8217; el pr\u00f3ximo 26 de mayo"},"content":{"rendered":"\n<p>El edil delegado de Deportes, Jes\u00fas Naveiro; la concejala delegada de Sanidad y Pol\u00edticas Saludables, Liduvina Gil, y la presidenta de la Asociaci\u00f3n de Parkinson Gandia-Safor, Mari Carmen Escriv\u00e1, presentaron hoy la IX edici\u00f3n de la Run for Parkinson Gandia.<\/p>\n\n\n\n<p>Tal y como ha explicado Naveiro, la carrera tendr\u00e1 lugar a las 10 horas del pr\u00f3ximo 26 de mayo en la playa de Gandia. En cuanto al recorrido, ser\u00e1 un circuito de 5 kil\u00f3metros que empezar\u00e1 y terminar\u00e1 en el n\u00famero 3 del paseo mar\u00edtimo de Neptuno, frente al Real Club N\u00e1utico. El concejal ha a\u00f1adido que habr\u00e1 avituallamiento l\u00edquido y s\u00f3lido durante el recorrido. &#8220;Una vez m\u00e1s, desde el ayuntamiento ponemos al alcance de los colectivos todos los recursos necesarios para que Gandia vuelva a demostrar que es una ciudad solidaria&#8221;.<\/p>\n\n\n\n<p>&#8220;La prueba pretende concienciar y dar a conocer la enfermedad, que afecta a m\u00e1s de 200.000 personas en Espa\u00f1a y suele empezar durante la segunda mitad de la vida, aunque en los \u00faltimos a\u00f1os se han dado casos en personas m\u00e1s j\u00f3venes. Es muy importante impulsar la investigaci\u00f3n y tener los recursos necesarios para el tratamiento&#8221;, ha se\u00f1alado la concejala.<\/p>\n\n\n\n<p>As\u00ed pues, todo el dinero recaudado ir\u00e1 destinado a mejorar la calidad de vida de las personas afectadas y las de sus familias, poniendo a su alcance recursos y tratamientos especializados, apoyando la investigaci\u00f3n y creando un entorno social m\u00e1s integrado.<\/p>\n\n\n\n<p>El plazo para inscribirse cerrar\u00e1 el viernes 24 de mayo a las 14 horas. Para ello, es necesario entrar en la p\u00e1gina de www.crono4sports.es o acudir a alguno de los puntos f\u00edsicos de venta (Calzados Malonda: C\/Abad Sola, 90; Farmacia Vercher: C\/ Benissuai, 11 y C\/ Daimuz, 21 ;Farmacia Germanies 106: Paseo de las Germanies, 106; Si el d\u00eda de la carrera todav\u00eda quedan dorsales, las personas que quieran sumarse a la iniciativa tendr\u00e1n que pagar 10 euros.<\/p>\n\n\n\n<p>Habr\u00e1 tres categor\u00edas: una absoluta masculina, una absoluta femenina y otra infantil. Por lo que respecta a los premios, se entregar\u00e1n a los tres primeros deportistas clasificados de cada modalidad, as\u00ed como al equipo m\u00e1s numeroso de la carrera.<\/p>\n\n\n\n<p>La entrega de camisetas y dorsales se realizar\u00e1 el s\u00e1bado, 25 de mayo, en el Centro Comercial La Vital, donde se podr\u00e1n recoger en horario de 11 a 20 horas, o el mismo d\u00eda de la carrera, 26 de mayo, a partir de las 9 horas.<\/p>\n\n\n\n<p>Escriv\u00e0 ha comentado que se espera recibir a, aproximadamente, 600 participantes y ha recordado que se trata de una prueba inclusiva en la que pueden participar las personas en silla de ruedas. &#8220;Es una alegr\u00eda muy grande ver c\u00f3mo la gente de la Safor se solidariza con nuestra causa, nos sentimos muy apoyados&#8221;, ha finalizado.<\/p>\n","protected":false},"excerpt":{"rendered":"<p>La playa de Gandia acoger\u00e1 la IX &#8216;Run for Parkinson&#8217; el pr\u00f3ximo 26 de mayo. <\/p>\n","protected":false},"author":1,"featured_media":3707,"comment_status":"open","ping_status":"open","sticky":false,"template":"","format":"standard","meta":{"footnotes":""},"categories":[1,27],"tags":[],"class_list":["post-3710","post","type-post","status-publish","format-standard","has-post-thumbnail","hentry","category-actualidad","category-sociedad"],"_links":{"self":[{"href":"https:\/\/infogandia.es\/index.php\/wp-json\/wp\/v2\/posts\/3710","targetHints":{"allow":["GET"]}}],"collection":[{"href":"https:\/\/infogandia.es\/index.php\/wp-json\/wp\/v2\/posts"}],"about":[{"href":"https:\/\/infogandia.es\/index.php\/wp-json\/wp\/v2\/types\/post"}],"author":[{"embeddable":true,"href":"https:\/\/infogandia.es\/index.php\/wp-json\/wp\/v2\/users\/1"}],"replies":[{"embeddable":true,"href":"https:\/\/infogandia.es\/index.php\/wp-json\/wp\/v2\/comments?post=3710"}],"version-history":[{"count":1,"href":"https:\/\/infogandia.es\/index.php\/wp-json\/wp\/v2\/posts\/3710\/revisions"}],"predecessor-version":[{"id":3711,"href":"https:\/\/infogandia.es\/index.php\/wp-json\/wp\/v2\/posts\/3710\/revisions\/3711"}],"wp:featuredmedia":[{"embeddable":true,"href":"https:\/\/infogandia.es\/index.php\/wp-json\/wp\/v2\/media\/3707"}],"wp:attachment":[{"href":"https:\/\/infogandia.es\/index.php\/wp-json\/wp\/v2\/media?parent=3710"}],"wp:term":[{"taxonomy":"category","embeddable":true,"href":"https:\/\/infogandia.es\/index.php\/wp-json\/wp\/v2\/categories?post=3710"},{"taxonomy":"post_tag","embeddable":true,"href":"https:\/\/infogandia.es\/index.php\/wp-json\/wp\/v2\/tags?post=3710"}],"curies":[{"name":"wp","href":"https:\/\/api.w.org\/{rel}","templated":true}]}}