{"id":3714,"date":"2024-05-06T13:15:38","date_gmt":"2024-05-06T13:15:38","guid":{"rendered":"https:\/\/infogandia.es\/?p=3714"},"modified":"2024-05-06T13:15:38","modified_gmt":"2024-05-06T13:15:38","slug":"el-pp-pide-que-gandia-tenga-una-sede-de-trafico-en-los-antiguos-juzgados-de-rois-de-corella","status":"publish","type":"post","link":"https:\/\/infogandia.es\/index.php\/2024\/05\/06\/el-pp-pide-que-gandia-tenga-una-sede-de-trafico-en-los-antiguos-juzgados-de-rois-de-corella\/","title":{"rendered":"El PP pide que Gandia tenga una sede de Tr\u00e1fico en los antiguos juzgados de Ro\u00eds de Corella"},"content":{"rendered":"\n<p>El portavoz del PP en el Ayuntamiento de Gandia, Guillermo Barber Fuster ha propuesto que, una vez se realice el traslado definitivo de los Juzgados de la Calle Ciutat de Laval al nuevo Palacio de Justicia, una parte de \u00e9ste se destine a la instalaci\u00f3n de una Jefatura de Tr\u00e1fico (DGT), como cuenta la ciudad de Alzira.<\/p>\n\n\n\n<p>Esta oficina recoger\u00eda las necesidades de la comarca de la Safor, adem\u00e1s de las vecinas de la Marina Alta y la Vall d\u2019Albaida para poder realizar cuantas gestiones con la Direcci\u00f3n General de Tr\u00e1fico se necesiten. Por un lado, se le da uso a una parte del edificio que va a quedar vac\u00edo una vez el traslado de los juzgados sea definitivo y por otro lado supondr\u00edan nuevas oportunidades para el distrito de Rois de Corella.<\/p>\n\n\n\n<p>As\u00ed las cosas, Barber Fuster le ha pedido \u201cal alcalde, Jos\u00e9 Manuel Prieto que haga las gestiones que sean necesarias con el Gobierno de Espa\u00f1a para conseguir que Gandia vuelva a tener una oficina de la DGT\u201d.<\/p>\n\n\n\n<p>La propuesta de los populares se realiza en un momento en el que se est\u00e1n determinando los usos del futuro espacio, \u201cno debemos desaprovechar el tiempo, el barrio de Rois de Corella no puede volver a paralizarse por el traspaso de los juzgados, lo que provocar\u00e1 un descenso preocupante en la actividad diaria, como ya pas\u00f3 con el cierre del antiguo hospital\u201d a\u00f1adiendo, \u201cla oficina de la DGT ayudar\u00eda much\u00edsimo a seguir dinamizando y aportando riqueza a nuestro barrio, debemos velar y defender nuestros intereses\u201d ha manifestado Barber.<\/p>\n\n\n\n<p>Los populares tambi\u00e9n han dicho que se podr\u00eda complementar la oficina de tr\u00e1fico, con una ampliaci\u00f3n de la comisaria de la Polic\u00eda Nacional con los actuales Juzgados, una reivindicaci\u00f3n que se ha ido manifestando y solicitando por parte de los funcionarios.<\/p>\n\n\n\n<p>Para el portavoz del Grupo Municipal del Partido Popular, Guillermo Barber, \u201chay sitio de sobra y de lo que se trata es de una vez queden vac\u00edos los juzgados convertirlos en un nuevo espacio de oportunidad para el barrio de Rois de Corella y en general para toda Gandia y una oficina de la DGT complementar\u00eda perfectamente con la ampliaci\u00f3n de las instalaciones de la Polic\u00eda Nacional\u201d.<\/p>\n","protected":false},"excerpt":{"rendered":"<p>El portavoz del PP en el Ayuntamiento de Gandia, Guillermo Barber Fuster ha propuesto que, una vez se realice el traslado definitivo de los Juzgados de la Calle Ciutat de Laval al nuevo Palacio de Justicia, una parte de \u00e9ste se destine a la instalaci\u00f3n de una Jefatura de Tr\u00e1fico (DGT), como cuenta la ciudad&#8230;<\/p>\n","protected":false},"author":1,"featured_media":3715,"comment_status":"open","ping_status":"open","sticky":false,"template":"","format":"standard","meta":{"footnotes":""},"categories":[1,3,27],"tags":[68,30],"class_list":["post-3714","post","type-post","status-publish","format-standard","has-post-thumbnail","hentry","category-actualidad","category-politica","category-sociedad","tag-68","tag-gandia"],"_links":{"self":[{"href":"https:\/\/infogandia.es\/index.php\/wp-json\/wp\/v2\/posts\/3714","targetHints":{"allow":["GET"]}}],"collection":[{"href":"https:\/\/infogandia.es\/index.php\/wp-json\/wp\/v2\/posts"}],"about":[{"href":"https:\/\/infogandia.es\/index.php\/wp-json\/wp\/v2\/types\/post"}],"author":[{"embeddable":true,"href":"https:\/\/infogandia.es\/index.php\/wp-json\/wp\/v2\/users\/1"}],"replies":[{"embeddable":true,"href":"https:\/\/infogandia.es\/index.php\/wp-json\/wp\/v2\/comments?post=3714"}],"version-history":[{"count":1,"href":"https:\/\/infogandia.es\/index.php\/wp-json\/wp\/v2\/posts\/3714\/revisions"}],"predecessor-version":[{"id":3716,"href":"https:\/\/infogandia.es\/index.php\/wp-json\/wp\/v2\/posts\/3714\/revisions\/3716"}],"wp:featuredmedia":[{"embeddable":true,"href":"https:\/\/infogandia.es\/index.php\/wp-json\/wp\/v2\/media\/3715"}],"wp:attachment":[{"href":"https:\/\/infogandia.es\/index.php\/wp-json\/wp\/v2\/media?parent=3714"}],"wp:term":[{"taxonomy":"category","embeddable":true,"href":"https:\/\/infogandia.es\/index.php\/wp-json\/wp\/v2\/categories?post=3714"},{"taxonomy":"post_tag","embeddable":true,"href":"https:\/\/infogandia.es\/index.php\/wp-json\/wp\/v2\/tags?post=3714"}],"curies":[{"name":"wp","href":"https:\/\/api.w.org\/{rel}","templated":true}]}}