{"id":3717,"date":"2024-05-06T13:16:50","date_gmt":"2024-05-06T13:16:50","guid":{"rendered":"https:\/\/infogandia.es\/?p=3717"},"modified":"2024-05-06T13:16:50","modified_gmt":"2024-05-06T13:16:50","slug":"renfe-reduce-el-numero-de-trenes-entre-gandia-y-valencia-por-obras","status":"publish","type":"post","link":"https:\/\/infogandia.es\/index.php\/2024\/05\/06\/renfe-reduce-el-numero-de-trenes-entre-gandia-y-valencia-por-obras\/","title":{"rendered":"Renfe reduce el n\u00famero de trenes entre Gandia y Valencia por obras"},"content":{"rendered":"\n<p>La l\u00ednea de Cercan\u00edas C1 entre Gandia y Valencia ven desde hoy reducido el n\u00famero de trenes debido a las obras de renovaci\u00f3n de la infraestructura ferroviaria en el tramo de l\u00ednea entre Sueca y Sollana. Ser\u00e1n diez trenes menos, cinco por sentido, pasando de los 79 habituales a 69 trenes diarios.<\/p>\n\n\n\n<p>Para paliar la reducci\u00f3n de los servicios, algunos de los trenes circular\u00e1n al doble de su capacidad. Por cierto, los trenes a la playa de Gandia dejar\u00e1n de funcionar hasta el pr\u00f3ximo 21 de junio, con conexiones s\u00f3lo por carretera. As\u00ed que est\u00e9n atentos a las indicaciones.<\/p>\n\n\n\n<p>Justo sobre la conexi\u00f3n ferroviaria con Gandia, el Ayuntamiento est\u00e1 ultimando con Adif y Renfe mejoras en la estaci\u00f3n del tren. La intenci\u00f3n por un lado es reordenar y renovar los espacios p\u00fablicos del interior de la estaci\u00f3n. De momento, ya se han reubicado las m\u00e1quinas expendedoras de tickets y se han sustituido las luminarias antiguas por leds, para reducir en el consumo energ\u00e9tico.<\/p>\n\n\n\n<p>Adem\u00e1s, se ultima tambi\u00e9n el convenio para que el Ayuntamiento se haga cargo de la gesti\u00f3n de la explanada que hay a las puertas de la estaci\u00f3n. As\u00ed el Consistorio se encargar\u00e1 del mantenimiento de las zonas verdes e iluminaci\u00f3n, con lo que pretende mejorar su aspecto y hacer m\u00e1s atractiva la zona para los pasajeros y turistas que llegan a Gandia.<\/p>\n","protected":false},"excerpt":{"rendered":"<p>Renfe reduce el n\u00famero de trenes entre Gandia y Valencia por obras<\/p>\n","protected":false},"author":1,"featured_media":3718,"comment_status":"open","ping_status":"open","sticky":false,"template":"","format":"standard","meta":{"footnotes":""},"categories":[1,27],"tags":[],"class_list":["post-3717","post","type-post","status-publish","format-standard","has-post-thumbnail","hentry","category-actualidad","category-sociedad"],"_links":{"self":[{"href":"https:\/\/infogandia.es\/index.php\/wp-json\/wp\/v2\/posts\/3717","targetHints":{"allow":["GET"]}}],"collection":[{"href":"https:\/\/infogandia.es\/index.php\/wp-json\/wp\/v2\/posts"}],"about":[{"href":"https:\/\/infogandia.es\/index.php\/wp-json\/wp\/v2\/types\/post"}],"author":[{"embeddable":true,"href":"https:\/\/infogandia.es\/index.php\/wp-json\/wp\/v2\/users\/1"}],"replies":[{"embeddable":true,"href":"https:\/\/infogandia.es\/index.php\/wp-json\/wp\/v2\/comments?post=3717"}],"version-history":[{"count":1,"href":"https:\/\/infogandia.es\/index.php\/wp-json\/wp\/v2\/posts\/3717\/revisions"}],"predecessor-version":[{"id":3719,"href":"https:\/\/infogandia.es\/index.php\/wp-json\/wp\/v2\/posts\/3717\/revisions\/3719"}],"wp:featuredmedia":[{"embeddable":true,"href":"https:\/\/infogandia.es\/index.php\/wp-json\/wp\/v2\/media\/3718"}],"wp:attachment":[{"href":"https:\/\/infogandia.es\/index.php\/wp-json\/wp\/v2\/media?parent=3717"}],"wp:term":[{"taxonomy":"category","embeddable":true,"href":"https:\/\/infogandia.es\/index.php\/wp-json\/wp\/v2\/categories?post=3717"},{"taxonomy":"post_tag","embeddable":true,"href":"https:\/\/infogandia.es\/index.php\/wp-json\/wp\/v2\/tags?post=3717"}],"curies":[{"name":"wp","href":"https:\/\/api.w.org\/{rel}","templated":true}]}}