{"id":3722,"date":"2024-05-07T16:02:11","date_gmt":"2024-05-07T16:02:11","guid":{"rendered":"https:\/\/infogandia.es\/?p=3722"},"modified":"2024-05-07T16:03:16","modified_gmt":"2024-05-07T16:03:16","slug":"la-cancion-vueleva-a-la-feria-y-fiestas-de-oliva","status":"publish","type":"post","link":"https:\/\/infogandia.es\/index.php\/2024\/05\/07\/la-cancion-vueleva-a-la-feria-y-fiestas-de-oliva\/","title":{"rendered":"La Canci\u00f3n vueleva a la Feria y Fiestas de Oliva"},"content":{"rendered":"\n<p>Oliva vuelve a incluir el Festival de la Canci\u00f3n en su programa de Feria y Fiestas de 2024, despu\u00e9s de haber estado ausente desde 2019. Con una asistencia de 2,500 personas en el pasado, este evento se ha convertido en un elemento emblem\u00e1tico de las celebraciones en Oliva. La alcaldesa Yolanda Pastor, el concejal de Fiestas \u00c1lvaro S\u00e1nchez, el coordinador del Festival Toni Rodr\u00edguez y el presidente de la Asociaci\u00f3n de Comerciantes de Oliva (ACCO) David Moratal estuvieron presentes en la firma del convenio.<\/p>\n\n\n\n<p>El Ayuntamiento ha tomado la decisi\u00f3n de recuperar este concurso de cantantes no profesionales debido a su popularidad y valoraci\u00f3n entre el p\u00fablico. La primera fase de selecci\u00f3n se llevar\u00e1 a cabo el viernes 7 de junio en el Hogar de los Jubilados, mientras que la final est\u00e1 programada para el s\u00e1bado 15 de junio en el Parc de l&#8217;Estaci\u00f3.<\/p>\n\n\n\n<p>Toni Rodr\u00edguez expres\u00f3 su agradecimiento al Ayuntamiento y a la concejal\u00eda de Fiestas por su apoyo continuo al festival, destacando su calidad y la expectativa que genera entre los participantes y el p\u00fablico. Por su parte, David Moratal de ACCO resalt\u00f3 la oportunidad que representa este evento para promover el comercio local y anunci\u00f3 un premio adicional de 200 euros para el artista local m\u00e1s destacado.<\/p>\n\n\n\n<p>El concejal de Fiestas, \u00c1lvaro S\u00e1nchez, comparti\u00f3 su entusiasmo por el regreso del Festival de la Canci\u00f3n, reconociendo su importancia como un evento referente en el \u00e1mbito valenciano. Finalmente, la alcaldesa Yolanda Pastor subray\u00f3 la relevancia del festival dentro de la Fira de Oliva y la satisfacci\u00f3n de poder recuperarlo, invitando a la ciudadan\u00eda a participar y disfrutar de las pr\u00f3ximas Feria y Fiestas de Oliva 2024.<\/p>\n","protected":false},"excerpt":{"rendered":"<p>Oliva vuelve a incluir el Festival de la Canci\u00f3n en su programa de Feria y Fiestas de 2024, despu\u00e9s de haber estado ausente desde 2019. Con una asistencia de 2,500 personas en el pasado, este evento se ha convertido en un elemento emblem\u00e1tico de las celebraciones en Oliva. La alcaldesa Yolanda Pastor, el concejal de&#8230;<\/p>\n","protected":false},"author":1,"featured_media":3723,"comment_status":"open","ping_status":"open","sticky":false,"template":"","format":"standard","meta":{"footnotes":""},"categories":[1,27],"tags":[],"class_list":["post-3722","post","type-post","status-publish","format-standard","has-post-thumbnail","hentry","category-actualidad","category-sociedad"],"_links":{"self":[{"href":"https:\/\/infogandia.es\/index.php\/wp-json\/wp\/v2\/posts\/3722","targetHints":{"allow":["GET"]}}],"collection":[{"href":"https:\/\/infogandia.es\/index.php\/wp-json\/wp\/v2\/posts"}],"about":[{"href":"https:\/\/infogandia.es\/index.php\/wp-json\/wp\/v2\/types\/post"}],"author":[{"embeddable":true,"href":"https:\/\/infogandia.es\/index.php\/wp-json\/wp\/v2\/users\/1"}],"replies":[{"embeddable":true,"href":"https:\/\/infogandia.es\/index.php\/wp-json\/wp\/v2\/comments?post=3722"}],"version-history":[{"count":1,"href":"https:\/\/infogandia.es\/index.php\/wp-json\/wp\/v2\/posts\/3722\/revisions"}],"predecessor-version":[{"id":3724,"href":"https:\/\/infogandia.es\/index.php\/wp-json\/wp\/v2\/posts\/3722\/revisions\/3724"}],"wp:featuredmedia":[{"embeddable":true,"href":"https:\/\/infogandia.es\/index.php\/wp-json\/wp\/v2\/media\/3723"}],"wp:attachment":[{"href":"https:\/\/infogandia.es\/index.php\/wp-json\/wp\/v2\/media?parent=3722"}],"wp:term":[{"taxonomy":"category","embeddable":true,"href":"https:\/\/infogandia.es\/index.php\/wp-json\/wp\/v2\/categories?post=3722"},{"taxonomy":"post_tag","embeddable":true,"href":"https:\/\/infogandia.es\/index.php\/wp-json\/wp\/v2\/tags?post=3722"}],"curies":[{"name":"wp","href":"https:\/\/api.w.org\/{rel}","templated":true}]}}