{"id":3728,"date":"2024-05-07T16:06:16","date_gmt":"2024-05-07T16:06:16","guid":{"rendered":"https:\/\/infogandia.es\/?p=3728"},"modified":"2024-05-07T16:06:16","modified_gmt":"2024-05-07T16:06:16","slug":"el-partido-popular-ha-levantado-la-voz-contra-el-alcalde-de-gandia-acusandolo-de-retrasar-la-construccion-de-viviendas-de-proteccion-publica-en-la-ciudad","status":"publish","type":"post","link":"https:\/\/infogandia.es\/index.php\/2024\/05\/07\/el-partido-popular-ha-levantado-la-voz-contra-el-alcalde-de-gandia-acusandolo-de-retrasar-la-construccion-de-viviendas-de-proteccion-publica-en-la-ciudad\/","title":{"rendered":"El Partido Popular ha levantado la voz contra el alcalde de Gandia, acus\u00e1ndolo de retrasar la construcci\u00f3n de viviendas de protecci\u00f3n p\u00fablica en la ciudad"},"content":{"rendered":"\n<p>Se destaca que, a pesar de un mes desde la presentaci\u00f3n del nuevo Plan Vive por parte del Consell de la Generalitat Valenciana, Gandia a\u00fan no se ha unido al mismo. V\u00edctor Soler Beneyto, presidente del PP de Gandia y diputado auton\u00f3mico, se\u00f1ala que durante los \u00faltimos ocho a\u00f1os de gobierno socialista y nacionalista en la ciudad, no se ha llevado a cabo la construcci\u00f3n de ninguna vivienda de protecci\u00f3n p\u00fablica oficial. Aina Borred\u00e1 P\u00e9rez, concejala del PP, insta al alcalde Prieto a firmar el acuerdo Vive de inmediato para facilitar la construcci\u00f3n y acceso a la vivienda para los habitantes de Gandia.<\/p>\n\n\n\n<p>El Partido Popular denuncia la falta de compromiso del alcalde Prieto en la adhesi\u00f3n al Plan Vive, presentado por Carlos Maz\u00f3n, presidente del Consell. Este plan tiene como objetivo la construcci\u00f3n de m\u00e1s de 10,000 viviendas de protecci\u00f3n p\u00fablica en la Comunidad Valenciana, y Gandia deber\u00eda haberse unido a la iniciativa hace tiempo. Sin embargo, un mes despu\u00e9s de su presentaci\u00f3n, el gobierno local a\u00fan no ha tomado ninguna medida al respecto.<\/p>\n\n\n\n<p>V\u00edctor Soler critica que Prieto est\u00e1 frenando el progreso de la ciudad en materia de vivienda, centr\u00e1ndose m\u00e1s en su propia promoci\u00f3n personal que en resolver los problemas reales de los ciudadanos. Adem\u00e1s, se menciona la falta de acci\u00f3n con respecto a los constantes anuncios del gobierno local sobre la bonificaci\u00f3n de impuestos para facilitar el acceso a la vivienda, que a\u00fan no se han materializado.<\/p>\n\n\n\n<p>La concejala de vivienda del Grupo Municipal Popular, Aina Borred\u00e1, hace un llamado al alcalde para que tome en serio la cuesti\u00f3n de la vivienda y firme el acuerdo de colaboraci\u00f3n del Plan Vive, un plan que consideran estrat\u00e9gico y necesario para la ciudad. Se insta a Prieto a dejar de lado su afiliaci\u00f3n al PSOE y centrarse en resolver los problemas reales de la ciudad, especialmente en el \u00e1mbito de la vivienda y la urbanizaci\u00f3n.<\/p>\n","protected":false},"excerpt":{"rendered":"<p>El Partido Popular ha levantado la voz contra el alcalde de Gandia, acus\u00e1ndolo de retrasar la construcci\u00f3n de viviendas de protecci\u00f3n p\u00fablica en la ciudad.<\/p>\n<p>Se destaca que, a pesar de un mes desde la presentaci\u00f3n del nuevo Plan Vive por parte del Consell de la Generalitat Valenciana, Gandia a\u00fan no se ha unido al mismo. V\u00edctor Soler Beneyto, presidente del PP de Gandia y diputado auton\u00f3mico, se\u00f1ala que durante los \u00faltimos ocho a\u00f1os de gobierno socialista y nacionalista en la ciudad, no se ha llevado a cabo la construcci\u00f3n de ninguna vivienda de protecci\u00f3n p\u00fablica oficial. Aina Borred\u00e1 P\u00e9rez, concejala del PP, insta al alcalde Prieto a firmar el acuerdo Vive de inmediato para facilitar la construcci\u00f3n y acceso a la vivienda para los habitantes de Gandia.<\/p>\n<p>El Partido Popular denuncia la falta de compromiso del alcalde Prieto en la adhesi\u00f3n al Plan Vive, presentado por Carlos Maz\u00f3n, presidente del Consell. Este plan tiene como objetivo la construcci\u00f3n de m\u00e1s de 10,000 viviendas de protecci\u00f3n p\u00fablica en la Comunidad Valenciana, y Gandia deber\u00eda haberse unido a la iniciativa hace tiempo. Sin embargo, un mes despu\u00e9s de su presentaci\u00f3n, el gobierno local a\u00fan no ha tomado ninguna medida al respecto.<\/p>\n<p>V\u00edctor Soler critica que Prieto est\u00e1 frenando el progreso de la ciudad en materia de vivienda, centr\u00e1ndose m\u00e1s en su propia promoci\u00f3n personal que en resolver los problemas reales de los ciudadanos. Adem\u00e1s, se menciona la falta de acci\u00f3n con respecto a los constantes anuncios del gobierno local sobre la bonificaci\u00f3n de impuestos para facilitar el acceso a la vivienda, que a\u00fan no se han materializado.<\/p>\n<p>La concejala de vivienda del Grupo Municipal Popular, Aina Borred\u00e1, hace un llamado al alcalde para que tome en serio la cuesti\u00f3n de la vivienda y firme el acuerdo de colaboraci\u00f3n del Plan Vive, un plan que consideran estrat\u00e9gico y necesario para la ciudad. Se insta a Prieto a dejar de lado su afiliaci\u00f3n al PSOE y centrarse en resolver los problemas reales de la ciudad, especialmente en el \u00e1mbito de la vivienda y la urbanizaci\u00f3n.<\/p>\n","protected":false},"author":1,"featured_media":3729,"comment_status":"open","ping_status":"open","sticky":false,"template":"","format":"standard","meta":{"footnotes":""},"categories":[1,3,27],"tags":[],"class_list":["post-3728","post","type-post","status-publish","format-standard","has-post-thumbnail","hentry","category-actualidad","category-politica","category-sociedad"],"_links":{"self":[{"href":"https:\/\/infogandia.es\/index.php\/wp-json\/wp\/v2\/posts\/3728","targetHints":{"allow":["GET"]}}],"collection":[{"href":"https:\/\/infogandia.es\/index.php\/wp-json\/wp\/v2\/posts"}],"about":[{"href":"https:\/\/infogandia.es\/index.php\/wp-json\/wp\/v2\/types\/post"}],"author":[{"embeddable":true,"href":"https:\/\/infogandia.es\/index.php\/wp-json\/wp\/v2\/users\/1"}],"replies":[{"embeddable":true,"href":"https:\/\/infogandia.es\/index.php\/wp-json\/wp\/v2\/comments?post=3728"}],"version-history":[{"count":1,"href":"https:\/\/infogandia.es\/index.php\/wp-json\/wp\/v2\/posts\/3728\/revisions"}],"predecessor-version":[{"id":3730,"href":"https:\/\/infogandia.es\/index.php\/wp-json\/wp\/v2\/posts\/3728\/revisions\/3730"}],"wp:featuredmedia":[{"embeddable":true,"href":"https:\/\/infogandia.es\/index.php\/wp-json\/wp\/v2\/media\/3729"}],"wp:attachment":[{"href":"https:\/\/infogandia.es\/index.php\/wp-json\/wp\/v2\/media?parent=3728"}],"wp:term":[{"taxonomy":"category","embeddable":true,"href":"https:\/\/infogandia.es\/index.php\/wp-json\/wp\/v2\/categories?post=3728"},{"taxonomy":"post_tag","embeddable":true,"href":"https:\/\/infogandia.es\/index.php\/wp-json\/wp\/v2\/tags?post=3728"}],"curies":[{"name":"wp","href":"https:\/\/api.w.org\/{rel}","templated":true}]}}