{"id":3731,"date":"2024-05-07T16:07:56","date_gmt":"2024-05-07T16:07:56","guid":{"rendered":"https:\/\/infogandia.es\/?p=3731"},"modified":"2024-05-07T16:07:57","modified_gmt":"2024-05-07T16:07:57","slug":"rotova-se-sumerge-en-la-celebracion-de-la-semana-de-la-gente-mayor-organizada-por-la-asociacion-de-jubilados-y-pensionistas-del-municipio","status":"publish","type":"post","link":"https:\/\/infogandia.es\/index.php\/2024\/05\/07\/rotova-se-sumerge-en-la-celebracion-de-la-semana-de-la-gente-mayor-organizada-por-la-asociacion-de-jubilados-y-pensionistas-del-municipio\/","title":{"rendered":"R\u00f2tova se sumerge en la celebraci\u00f3n de la Semana de la Gente Mayor, organizada por la asociaci\u00f3n de Jubilados y Pensionistas del municipio"},"content":{"rendered":"\n<p>La programaci\u00f3n, que inici\u00f3 ayer y concluir\u00e1 el domingo, incluye una variedad de actividades dirigidas a homenajear a este grupo de la poblaci\u00f3n, con especial atenci\u00f3n en una jornada dedicada a quienes tienen movilidad reducida.<\/p>\n\n\n\n<p>Durante esta Semana de la Gente Mayor, se han planificado charlas informativas, como la realizada ayer sobre el bienestar, a cargo de S\u00edlvia Puig Prats, as\u00ed como sesiones de baile en l\u00ednea abiertas a toda la comunidad. Tambi\u00e9n se han organizado momentos de encuentro y convivencia, con meriendas y comidas fraternales, adem\u00e1s de actividades l\u00fadicas y un espect\u00e1culo de teatro c\u00f3mico titulado &#8216;Abelio y Avelino&#8217;, presentado por la compa\u00f1\u00eda Xana Teatre, el viernes 10 de mayo a las 19 horas en la Nave.<\/p>\n\n\n\n<p>El punto culminante ser\u00e1 el domingo 12 de mayo, con una jornada especial que incluir\u00e1 la distribuci\u00f3n de regalos para las personas mayores con movilidad reducida, acompa\u00f1ada de m\u00fasica tradicional valenciana, misa y un desfile por las calles en colaboraci\u00f3n con la Asociaci\u00f3n Cultural de Dol\u00e7ainers i Tabaleters de la Safor (U.P.G.). La jornada concluir\u00e1 con una comida de hermandad en la Nave.<\/p>\n","protected":false},"excerpt":{"rendered":"<p>R\u00f2tova se sumerge en la celebraci\u00f3n de la Semana de la Gente Mayor, organizada por la asociaci\u00f3n de Jubilados y Pensionistas del municipio.<\/p>\n","protected":false},"author":1,"featured_media":3732,"comment_status":"open","ping_status":"open","sticky":false,"template":"","format":"standard","meta":{"footnotes":""},"categories":[1,27],"tags":[],"class_list":["post-3731","post","type-post","status-publish","format-standard","has-post-thumbnail","hentry","category-actualidad","category-sociedad"],"_links":{"self":[{"href":"https:\/\/infogandia.es\/index.php\/wp-json\/wp\/v2\/posts\/3731","targetHints":{"allow":["GET"]}}],"collection":[{"href":"https:\/\/infogandia.es\/index.php\/wp-json\/wp\/v2\/posts"}],"about":[{"href":"https:\/\/infogandia.es\/index.php\/wp-json\/wp\/v2\/types\/post"}],"author":[{"embeddable":true,"href":"https:\/\/infogandia.es\/index.php\/wp-json\/wp\/v2\/users\/1"}],"replies":[{"embeddable":true,"href":"https:\/\/infogandia.es\/index.php\/wp-json\/wp\/v2\/comments?post=3731"}],"version-history":[{"count":1,"href":"https:\/\/infogandia.es\/index.php\/wp-json\/wp\/v2\/posts\/3731\/revisions"}],"predecessor-version":[{"id":3733,"href":"https:\/\/infogandia.es\/index.php\/wp-json\/wp\/v2\/posts\/3731\/revisions\/3733"}],"wp:featuredmedia":[{"embeddable":true,"href":"https:\/\/infogandia.es\/index.php\/wp-json\/wp\/v2\/media\/3732"}],"wp:attachment":[{"href":"https:\/\/infogandia.es\/index.php\/wp-json\/wp\/v2\/media?parent=3731"}],"wp:term":[{"taxonomy":"category","embeddable":true,"href":"https:\/\/infogandia.es\/index.php\/wp-json\/wp\/v2\/categories?post=3731"},{"taxonomy":"post_tag","embeddable":true,"href":"https:\/\/infogandia.es\/index.php\/wp-json\/wp\/v2\/tags?post=3731"}],"curies":[{"name":"wp","href":"https:\/\/api.w.org\/{rel}","templated":true}]}}