{"id":3805,"date":"2024-05-13T18:48:38","date_gmt":"2024-05-13T18:48:38","guid":{"rendered":"https:\/\/infogandia.es\/?p=3805"},"modified":"2024-05-13T18:48:38","modified_gmt":"2024-05-13T18:48:38","slug":"la-novena-edicion-de-la-fira-del-major-llega-a-gandia-con-dos-dias-repletos-de-actividades-y-una-amplia-variedad-de-propuestas-destinadas-a-las-personas-mayores","status":"publish","type":"post","link":"https:\/\/infogandia.es\/index.php\/2024\/05\/13\/la-novena-edicion-de-la-fira-del-major-llega-a-gandia-con-dos-dias-repletos-de-actividades-y-una-amplia-variedad-de-propuestas-destinadas-a-las-personas-mayores\/","title":{"rendered":"La novena edici\u00f3n de la Fira del Major llega a Gandia con dos d\u00edas repletos de actividades y una amplia variedad de propuestas destinadas a las personas mayores"},"content":{"rendered":"\n<ul class=\"wp-block-list\">\n<li>Con dos d\u00edas repletos de actividades y una amplia variedad de propuestas destinadas a las personas mayores<\/li>\n<\/ul>\n\n\n\n<p>La concejala delegada de Gent Gran, Maribel Codina, junto con la coordinadora del centro de convivencia Ro\u00eds de Corella, Ana Ferrer, anunciaron hoy la celebraci\u00f3n de la IX edici\u00f3n de la &#8216;Fira del Major&#8217;, que tendr\u00e1 lugar en los jardines de la Casa de la Marquesa los d\u00edas 14 y 15 de mayo.<\/p>\n\n\n\n<p>&#8220;La Casa de la Cultura es el lugar perfecto para que empresas, colectivos y profesionales puedan ofrecer sus productos y servicios al p\u00fablico. De esta manera, los dos d\u00edas se convierten en un escaparate de informaci\u00f3n y actividades dedicadas espec\u00edficamente a las personas mayores de la ciudad&#8221;, coment\u00f3 la concejala.<\/p>\n\n\n\n<p>&#8220;Adem\u00e1s de todas las actividades programadas, el evento contar\u00e1 con 13 stands informativos que estar\u00e1n abiertos de 10 a 13 horas y de 17 a 19:30 horas. En ellos, los mayores de Gandia podr\u00e1n informarse sobre los servicios de teleasistencia y salud auditiva de la ciudad, la oferta de viajes y balnearios de las empresas del municipio, los diferentes cursos disponibles, entre otros&#8221;, explic\u00f3 Ferrer. La coordinadora tambi\u00e9n record\u00f3 que todas las propuestas del programa son gratuitas y est\u00e1n abiertas al p\u00fablico, excepto la caminata del mi\u00e9rcoles.<\/p>\n\n\n\n<p>Por su parte, Codina anim\u00f3 a todas las personas mayores del municipio a disfrutar de este evento que cuenta con &#8220;un amplio n\u00famero de talleres, exhibiciones y actividades pensadas para que disfruten de una feria especial&#8221;.<\/p>\n\n\n\n<p>El evento se inaugurar\u00e1 a las 10:30 de la ma\u00f1ana con la entrega de premios del concurso realizado por los diferentes grupos de pintura de los centros de personas mayores de la ciudad para decidir cu\u00e1l ser\u00eda el dibujo que encabezara el cartel de la Feria de este a\u00f1o. La ganadora fue Rosa Cloquell Ferrandis, usuaria del Centro de Pintura del CEA Gandia.<\/p>\n\n\n\n<p>Posteriormente, los asistentes podr\u00e1n disfrutar de diversas actividades. Entre otras, habr\u00e1 una sesi\u00f3n de gimnasia a las 10:30 horas, una master class de automasajes a las 11:30 y otra clase de zumba a las 12:00. La ma\u00f1ana concluir\u00e1 a las 12:30 con un showcooking y degustaci\u00f3n de fideu\u00e0 a cargo de la Asociaci\u00f3n Gastron\u00f3mica de Gandia.<\/p>\n\n\n\n<p>La tarde continuar\u00e1 con una exhibici\u00f3n de baile en l\u00ednea a las 17:00 horas, seguida de otra de danzas valencianas a las 17:30 y una de bailes de sal\u00f3n a las 17:45. Luego, los alumnos de la escuela de danza Raps\u00f2dia actuar\u00e1n a las 17:55.<\/p>\n\n\n\n<p>A las 18:20 horas, los integrantes del curso de coreograf\u00eda del Centro de Ro\u00eds de Corella realizar\u00e1n un tributo a ABBA y, a las 18:35, el grupo de orfe\u00f3n del Centro de Convivencia de Corea cerrar\u00e1 el primer d\u00eda.<\/p>\n\n\n\n<p>La programaci\u00f3n del mi\u00e9rcoles comenzar\u00e1 a las 9:45 horas con una caminata y continuar\u00e1 a las 10:00 con el taller de pintura al aire libre &#8216;Pintar Naturalmente&#8217;. A las 11:00 se llevar\u00e1 a cabo una master class de yoga con silla y a las 12:00 otra de Fit Flam.<\/p>\n\n\n\n<p>La tarde comenzar\u00e1 con una exhibici\u00f3n de sevillanas a las 17:00 horas y continuar\u00e1 con otra de baile en l\u00ednea a las 17:30. A las 18:00, los alumnos de baile de coreograf\u00eda del Centro de Convivencia de Corea har\u00e1n otro tributo, esta vez a Cher.<\/p>\n\n\n\n<p>A las 18:15 horas, el grupo de danza de la Fundaci\u00f3n Espurna ofrecer\u00e1 el espect\u00e1culo de baile y ritmos &#8220;Sigues tu&#8221;. Finalmente, la asociaci\u00f3n Cor i Rondalla Santa Cec\u00edlia pondr\u00e1 el punto final a las actividades con su actuaci\u00f3n, que tendr\u00e1 lugar a las 18:20 horas.<\/p>\n","protected":false},"excerpt":{"rendered":"<p>La concejala delegada de Gent Gran, Maribel Codina, junto con la coordinadora del centro de convivencia Ro\u00eds de Corella, Ana Ferrer, anunciaron hoy la celebraci\u00f3n de la IX edici\u00f3n de la &#8216;Fira del Major&#8217;, que tendr\u00e1 lugar en los jardines de la Casa de la Marquesa los d\u00edas 14 y 15 de mayo. &#8220;La Casa&#8230;<\/p>\n","protected":false},"author":1,"featured_media":3806,"comment_status":"open","ping_status":"open","sticky":false,"template":"","format":"standard","meta":{"footnotes":""},"categories":[1,27],"tags":[],"class_list":["post-3805","post","type-post","status-publish","format-standard","has-post-thumbnail","hentry","category-actualidad","category-sociedad"],"_links":{"self":[{"href":"https:\/\/infogandia.es\/index.php\/wp-json\/wp\/v2\/posts\/3805","targetHints":{"allow":["GET"]}}],"collection":[{"href":"https:\/\/infogandia.es\/index.php\/wp-json\/wp\/v2\/posts"}],"about":[{"href":"https:\/\/infogandia.es\/index.php\/wp-json\/wp\/v2\/types\/post"}],"author":[{"embeddable":true,"href":"https:\/\/infogandia.es\/index.php\/wp-json\/wp\/v2\/users\/1"}],"replies":[{"embeddable":true,"href":"https:\/\/infogandia.es\/index.php\/wp-json\/wp\/v2\/comments?post=3805"}],"version-history":[{"count":1,"href":"https:\/\/infogandia.es\/index.php\/wp-json\/wp\/v2\/posts\/3805\/revisions"}],"predecessor-version":[{"id":3807,"href":"https:\/\/infogandia.es\/index.php\/wp-json\/wp\/v2\/posts\/3805\/revisions\/3807"}],"wp:featuredmedia":[{"embeddable":true,"href":"https:\/\/infogandia.es\/index.php\/wp-json\/wp\/v2\/media\/3806"}],"wp:attachment":[{"href":"https:\/\/infogandia.es\/index.php\/wp-json\/wp\/v2\/media?parent=3805"}],"wp:term":[{"taxonomy":"category","embeddable":true,"href":"https:\/\/infogandia.es\/index.php\/wp-json\/wp\/v2\/categories?post=3805"},{"taxonomy":"post_tag","embeddable":true,"href":"https:\/\/infogandia.es\/index.php\/wp-json\/wp\/v2\/tags?post=3805"}],"curies":[{"name":"wp","href":"https:\/\/api.w.org\/{rel}","templated":true}]}}